{"id":1457,"date":"2019-07-01T23:00:11","date_gmt":"2019-07-01T21:00:11","guid":{"rendered":"https:\/\/www.gaiamedia.org\/deutsch\/deutsch\/?p=1457"},"modified":"2019-07-17T23:00:29","modified_gmt":"2019-07-17T21:00:29","slug":"juli-2019-gut-zu-lesen","status":"publish","type":"post","link":"https:\/\/www.gaiamedia.org\/deutsch\/2019\/07\/01\/juli-2019-gut-zu-lesen\/","title":{"rendered":"juli 2019 \u2013 gut zu lesen"},"content":{"rendered":"<div id=\"pl-gb1457-69f35ed4e2100\"  class=\"panel-layout\" ><div id=\"pg-gb1457-69f35ed4e2100-0\"  class=\"panel-grid panel-no-style\" ><div id=\"pgc-gb1457-69f35ed4e2100-0-0\"  class=\"panel-grid-cell\" ><div id=\"panel-gb1457-69f35ed4e2100-0-0-0\" class=\"so-panel widget widget_media_image panel-first-child panel-last-child\" data-index=\"0\" ><img width=\"600\" height=\"771\" src=\"https:\/\/www.gaiamedia.org\/deutsch\/wp-content\/uploads\/2019\/07\/1907_Die_Abenteuer_des_Alexander_von_Humboldt.jpg\" class=\"image wp-image-1443  attachment-full size-full\" alt=\"\" loading=\"lazy\" style=\"max-width: 100%; height: auto;\" srcset=\"https:\/\/www.gaiamedia.org\/deutsch\/wp-content\/uploads\/2019\/07\/1907_Die_Abenteuer_des_Alexander_von_Humboldt.jpg 600w, https:\/\/www.gaiamedia.org\/deutsch\/wp-content\/uploads\/2019\/07\/1907_Die_Abenteuer_des_Alexander_von_Humboldt-233x300.jpg 233w, https:\/\/www.gaiamedia.org\/deutsch\/wp-content\/uploads\/2019\/07\/1907_Die_Abenteuer_des_Alexander_von_Humboldt-506x650.jpg 506w\" sizes=\"(max-width: 600px) 100vw, 600px\" \/><\/div><\/div><div id=\"pgc-gb1457-69f35ed4e2100-0-1\"  class=\"panel-grid-cell\" ><div id=\"panel-gb1457-69f35ed4e2100-0-1-0\" class=\"so-panel widget widget_text panel-first-child panel-last-child\" data-index=\"1\" ><h3 class=\"widget-title\">Die Abenteuer des Alexander von Humboldt. Eine Entdeckungsreise<\/h3>\t\t\t<div class=\"textwidget\"><p><strong>Andrea Wulf<\/strong><br \/>\nZum 250. Geburtstag des gr\u00f6ssten deutschen Naturforschers legt die preisgekr\u00f6nte Humboldt-Expertin Andrea Wulf ein opulent illustriertes Buch \u00fcber Humboldts ber\u00fchmte S\u00fcdamerikaexpedition vor. Angeregt von seinen Tageb\u00fcchern, Kupferstichen, Skizzen, Landkarten und pr\u00e4parierten Pflanzen erz\u00e4hlt sie die Geschichte seiner Reise aus einer v\u00f6llig neuen Perspektive: anhand Humboldts eigener Tagebuchaufzeichnungen, die erst vor kurzem zug\u00e4nglich gemacht wurden. Die expressiven Zeichnungen der New Yorker Illustratorin Lillian Melcher fangen Szenen der Expedition ein, etwa die waghalsige Fahrt auf dem Orinoko oder die spektakul\u00e4re Besteigung des Chimborazo. \u00abDie Abenteuer des Alexander von Humboldt\u00bb berichten von M\u00fchsal, Gefahren, Begeisterung und Entdeckungen, aber auch von Humboldts Begegnungen mit der indigenen Bev\u00f6lkerung S\u00fcdamerikas und seinen Warnungen vor dem vom Menschen verursachten Klimawandel.<br \/>\n<em>Bertelsmann, M\u00e4rz 2013<\/em><\/p>\n<\/div>\n\t\t<\/div><\/div><\/div><div id=\"pg-gb1457-69f35ed4e2100-1\"  class=\"panel-grid panel-no-style\" ><div id=\"pgc-gb1457-69f35ed4e2100-1-0\"  class=\"panel-grid-cell\" ><div id=\"panel-gb1457-69f35ed4e2100-1-0-0\" class=\"so-panel widget widget_media_image panel-first-child panel-last-child\" data-index=\"2\" ><img width=\"600\" height=\"992\" src=\"https:\/\/www.gaiamedia.org\/deutsch\/wp-content\/uploads\/2019\/07\/1907_Kurze_Antworten_auf_grosse_Fragen.jpg\" class=\"image wp-image-1445  attachment-full size-full\" alt=\"\" loading=\"lazy\" style=\"max-width: 100%; height: auto;\" srcset=\"https:\/\/www.gaiamedia.org\/deutsch\/wp-content\/uploads\/2019\/07\/1907_Kurze_Antworten_auf_grosse_Fragen.jpg 600w, https:\/\/www.gaiamedia.org\/deutsch\/wp-content\/uploads\/2019\/07\/1907_Kurze_Antworten_auf_grosse_Fragen-181x300.jpg 181w, https:\/\/www.gaiamedia.org\/deutsch\/wp-content\/uploads\/2019\/07\/1907_Kurze_Antworten_auf_grosse_Fragen-393x650.jpg 393w\" sizes=\"(max-width: 600px) 100vw, 600px\" \/><\/div><\/div><div id=\"pgc-gb1457-69f35ed4e2100-1-1\"  class=\"panel-grid-cell\" ><div id=\"panel-gb1457-69f35ed4e2100-1-1-0\" class=\"so-panel widget widget_text panel-first-child panel-last-child\" data-index=\"3\" ><h3 class=\"widget-title\">Kurze Antworten auf grosse Fragen<\/h3>\t\t\t<div class=\"textwidget\"><p><strong>Stephen W. Hawking<\/strong><br \/>\n&#8211; Warum gibt es uns Menschen \u00fcberhaupt?<br \/>\n&#8211; Und woher kommen wir<br \/>\n&#8211; Gibt es im Weltall andere intelligente Lebewesen?<br \/>\n&#8211; Existiert Gott?<br \/>\n&#8211; In welchem Zustand befindet sich unser Heimatplanet?<br \/>\n&#8211; Werden wir auf der Erde \u00fcberleben?<br \/>\n&#8211; Retten oder zerst\u00f6ren uns Naturwissenschaften und Technik?<br \/>\n&#8211; Hilft uns die k\u00fcnstliche Intelligenz, die Erde zu bewahren?<br \/>\n&#8211; K\u00f6nnen wir den Weltraum bev\u00f6lkern?<br \/>\n&#8211; Wie werden wir die Schw\u00e4chsten \u2013 Kinder, Kranke, alte Menschen \u2013 sch\u00fctzen?<br \/>\n&#8211; Wie werden wir unsere Kinder erziehen?<br \/>\n<em>Klett-Cotta, Juni 2019<\/em><\/p>\n<\/div>\n\t\t<\/div><\/div><\/div><div id=\"pg-gb1457-69f35ed4e2100-2\"  class=\"panel-grid panel-no-style\" ><div id=\"pgc-gb1457-69f35ed4e2100-2-0\"  class=\"panel-grid-cell\" ><div id=\"panel-gb1457-69f35ed4e2100-2-0-0\" class=\"so-panel widget widget_media_image panel-first-child panel-last-child\" data-index=\"4\" ><img width=\"600\" height=\"994\" src=\"https:\/\/www.gaiamedia.org\/deutsch\/wp-content\/uploads\/2019\/07\/1907_Die_Gestaaendnise_des_Fleisches.jpg\" class=\"image wp-image-1444  attachment-full size-full\" alt=\"\" loading=\"lazy\" style=\"max-width: 100%; height: auto;\" srcset=\"https:\/\/www.gaiamedia.org\/deutsch\/wp-content\/uploads\/2019\/07\/1907_Die_Gestaaendnise_des_Fleisches.jpg 600w, https:\/\/www.gaiamedia.org\/deutsch\/wp-content\/uploads\/2019\/07\/1907_Die_Gestaaendnise_des_Fleisches-181x300.jpg 181w, https:\/\/www.gaiamedia.org\/deutsch\/wp-content\/uploads\/2019\/07\/1907_Die_Gestaaendnise_des_Fleisches-392x650.jpg 392w\" sizes=\"(max-width: 600px) 100vw, 600px\" \/><\/div><\/div><div id=\"pgc-gb1457-69f35ed4e2100-2-1\"  class=\"panel-grid-cell\" ><div id=\"panel-gb1457-69f35ed4e2100-2-1-0\" class=\"so-panel widget widget_text panel-first-child panel-last-child\" data-index=\"5\" ><h3 class=\"widget-title\">Die Gest\u00e4ndnisse des Fleisches. Sexualit\u00e4t und Wahrheit<\/h3>\t\t\t<div class=\"textwidget\"><p><strong>Michel Foucault<\/strong><br \/>\nEine literarische Sensation: Dreieinhalb Jahrzehnte nach dem Tod des Autors erscheint der vierte und letzte Band von Sexualit\u00e4t und Wahrheit \u2013 Michel Foucaults gross angelegter Geschichte der Sexualit\u00e4t, ein Meilenstein philosophischer Forschung im 20. Jahrhundert. Im Mittelpunkt stehen die ethischen Diskussionen der Kirchenv\u00e4ter \u00fcber das Geschlechtsleben in den ersten fr\u00fchchristlichen Jahrhunderten. Foucault liest die Predigten und Abhandlungen von Clemens von Alexandria, Gregor von Nyssa, Johannes Chrysostomos, Johannes Cassianus oder Augustinus von Hippo als Dokumente einer Sorge um das Seelenheil \u2013 als Zeugnisse der Herausbildung einer neuen Moral und Selbsterfahrung, die das Abendland fortan pr\u00e4gen sollten. Insbesondere die Jungfr\u00e4ulichkeit und die Ehe stehen dabei im Fokus der Auseinandersetzungen.<br \/>\n<em>Suhrkamp, Juni 2019<\/em><\/p>\n<\/div>\n\t\t<\/div><\/div><\/div><div id=\"pg-gb1457-69f35ed4e2100-3\"  class=\"panel-grid panel-no-style\" ><div id=\"pgc-gb1457-69f35ed4e2100-3-0\"  class=\"panel-grid-cell\" ><div id=\"panel-gb1457-69f35ed4e2100-3-0-0\" class=\"so-panel widget widget_media_image panel-first-child panel-last-child\" data-index=\"6\" ><img width=\"600\" height=\"829\" src=\"https:\/\/www.gaiamedia.org\/deutsch\/wp-content\/uploads\/2019\/05\/1906_Wesen_und_Signatur_der_Hilpflanzen.jpg\" class=\"image wp-image-1414  attachment-full size-full\" alt=\"\" loading=\"lazy\" style=\"max-width: 100%; height: auto;\" srcset=\"https:\/\/www.gaiamedia.org\/deutsch\/wp-content\/uploads\/2019\/05\/1906_Wesen_und_Signatur_der_Hilpflanzen.jpg 600w, https:\/\/www.gaiamedia.org\/deutsch\/wp-content\/uploads\/2019\/05\/1906_Wesen_und_Signatur_der_Hilpflanzen-217x300.jpg 217w, https:\/\/www.gaiamedia.org\/deutsch\/wp-content\/uploads\/2019\/05\/1906_Wesen_und_Signatur_der_Hilpflanzen-470x650.jpg 470w\" sizes=\"(max-width: 600px) 100vw, 600px\" \/><\/div><\/div><div id=\"pgc-gb1457-69f35ed4e2100-3-1\"  class=\"panel-grid-cell\" ><div id=\"panel-gb1457-69f35ed4e2100-3-1-0\" class=\"so-panel widget widget_text panel-first-child panel-last-child\" data-index=\"7\" ><h3 class=\"widget-title\">Was Tiere wirklich wollen. Eine Streitschrift \u00fcber politische Tiere und tierische Politik<\/h3>\t\t\t<div class=\"textwidget\"><p><strong>Eva Meijer<\/strong><br \/>\nTiere sind Wesen mit Gedanken und Gef\u00fchlen, nicht weniger intelligent oder weniger wert als der Mensch \u2013 ein einleuchtendes und mitreissendes Pl\u00e4doyer f\u00fcr ein radikales Umdenken in unserem Verh\u00e4ltnis zu den nichtmenschlichen Bewohnern unseres Planeten. Bienen diskutieren, wen sie angreifen sollen. G\u00e4nse haben territoriale Konflikte mit Menschen. Gefangene Orkas t\u00f6ten ihre Trainer. Kamele weigern sich, f\u00fcr die Armee zu arbeiten. Biber helfen Bauern bei \u00dcberschwemmungen. Hochaktuell, wissenschaftlich fundiert und mit wunderbar anschaulichen Beispielen geht die Philosophin Eva Meijer der Frage nach, inwieweit Tiere als politisch handelnde Wesen betrachtet werden m\u00fcssen und was das f\u00fcr unseren Umgang mit Tieren, f\u00fcr die Politik und die gesellschaftlichen Machtverh\u00e4ltnisse bedeutet. Und was wollen Tiere wirklich?<br \/>\n<em>btb, Juni 2019<\/em><\/p>\n<\/div>\n\t\t<\/div><\/div><\/div><div id=\"pg-gb1457-69f35ed4e2100-4\"  class=\"panel-grid panel-no-style\" ><div id=\"pgc-gb1457-69f35ed4e2100-4-0\"  class=\"panel-grid-cell\" ><div id=\"panel-gb1457-69f35ed4e2100-4-0-0\" class=\"so-panel widget widget_media_image panel-first-child panel-last-child\" data-index=\"8\" ><img width=\"600\" height=\"832\" src=\"https:\/\/www.gaiamedia.org\/deutsch\/wp-content\/uploads\/2019\/07\/1907_Der-zweite_Mann.jpg\" class=\"image wp-image-1442  attachment-full size-full\" alt=\"\" loading=\"lazy\" style=\"max-width: 100%; height: auto;\" srcset=\"https:\/\/www.gaiamedia.org\/deutsch\/wp-content\/uploads\/2019\/07\/1907_Der-zweite_Mann.jpg 600w, https:\/\/www.gaiamedia.org\/deutsch\/wp-content\/uploads\/2019\/07\/1907_Der-zweite_Mann-216x300.jpg 216w, https:\/\/www.gaiamedia.org\/deutsch\/wp-content\/uploads\/2019\/07\/1907_Der-zweite_Mann-469x650.jpg 469w\" sizes=\"(max-width: 600px) 100vw, 600px\" \/><\/div><\/div><div id=\"pgc-gb1457-69f35ed4e2100-4-1\"  class=\"panel-grid-cell\" ><div id=\"panel-gb1457-69f35ed4e2100-4-1-0\" class=\"so-panel widget widget_text panel-first-child panel-last-child\" data-index=\"9\" ><h3 class=\"widget-title\">Der zweite Mann, Band I. Apollo II \u2013 11. Juli 1969, zwei Menschen auf dem Mond \u2013 Graphic Novel<\/h3>\t\t\t<div class=\"textwidget\"><p><strong>Peter Eickmeyer<\/strong><br \/>\nZu ihrem 50. Jahrestag betrachtet der Autor die Geschichte der Mondlandung aus einer frischen Perspektive: der von Buzz Aldrin, dem zweiten Mann auf dem Mond. Mit grosser Liebe zum historischen Detail schildert<em>\u00a0Der zweite Mann\u00a0<\/em>weniger bekannte Seiten eines modernen Mythos, vom Wettlauf ins All vor dem Hintergrund des Kalten Krieges bis hin zu der Frage, was Marilyn Monroe mit der Mondlandung zu tun hatte. Nach seiner international erfolgreichen Adaption von E. M. Remarques\u00a0<em>Im Westen nichts Neues\u00a0<\/em>widmet sich der K\u00fcnstler Peter Eickmeyer mit dieser zweiteiligen Graphic Novel seiner grossen Leidenschaft und beweist, dass die Mondlandung nach 50 Jahren noch genauso spannend ist wie an jenem Morgen 1969.<br \/>\n<em>Splitter Verlag, Juni 2019<\/em><\/p>\n<\/div>\n\t\t<\/div><\/div><\/div><\/div>","protected":false},"excerpt":{"rendered":"<p>Andrea Wulf Zum 250. Geburtstag des gr\u00f6ssten deutschen Naturforschers legt die preisgekr\u00f6nte Humboldt-Expertin Andrea Wulf ein opulent illustriertes Buch \u00fcber Humboldts ber\u00fchmte S\u00fcdamerikaexpedition vor. Angeregt von seinen Tageb\u00fcchern, Kupferstichen, Skizzen, Landkarten und pr\u00e4parierten Pflanzen erz\u00e4hlt sie die Geschichte seiner Reise aus einer v\u00f6llig neuen Perspektive: anhand Humboldts eigener Tagebuchaufzeichnungen, die erst vor kurzem zug\u00e4nglich gemacht<a href=\"https:\/\/www.gaiamedia.org\/deutsch\/2019\/07\/01\/juli-2019-gut-zu-lesen\/\" class=\"read-more\">Continue Reading<\/a><\/p>\n","protected":false},"author":1,"featured_media":0,"comment_status":"closed","ping_status":"closed","sticky":false,"template":"","format":"standard","meta":[],"categories":[6],"tags":[],"_links":{"self":[{"href":"https:\/\/www.gaiamedia.org\/deutsch\/wp-json\/wp\/v2\/posts\/1457"}],"collection":[{"href":"https:\/\/www.gaiamedia.org\/deutsch\/wp-json\/wp\/v2\/posts"}],"about":[{"href":"https:\/\/www.gaiamedia.org\/deutsch\/wp-json\/wp\/v2\/types\/post"}],"author":[{"embeddable":true,"href":"https:\/\/www.gaiamedia.org\/deutsch\/wp-json\/wp\/v2\/users\/1"}],"replies":[{"embeddable":true,"href":"https:\/\/www.gaiamedia.org\/deutsch\/wp-json\/wp\/v2\/comments?post=1457"}],"version-history":[{"count":2,"href":"https:\/\/www.gaiamedia.org\/deutsch\/wp-json\/wp\/v2\/posts\/1457\/revisions"}],"predecessor-version":[{"id":1459,"href":"https:\/\/www.gaiamedia.org\/deutsch\/wp-json\/wp\/v2\/posts\/1457\/revisions\/1459"}],"wp:attachment":[{"href":"https:\/\/www.gaiamedia.org\/deutsch\/wp-json\/wp\/v2\/media?parent=1457"}],"wp:term":[{"taxonomy":"category","embeddable":true,"href":"https:\/\/www.gaiamedia.org\/deutsch\/wp-json\/wp\/v2\/categories?post=1457"},{"taxonomy":"post_tag","embeddable":true,"href":"https:\/\/www.gaiamedia.org\/deutsch\/wp-json\/wp\/v2\/tags?post=1457"}],"curies":[{"name":"wp","href":"https:\/\/api.w.org\/{rel}","templated":true}]}}