{"id":1741,"date":"2020-05-01T15:24:01","date_gmt":"2020-05-01T13:24:01","guid":{"rendered":"https:\/\/www.gaiamedia.org\/deutsch\/?p=1741"},"modified":"2020-05-27T15:27:19","modified_gmt":"2020-05-27T13:27:19","slug":"mai-2020-gut-zu-lesen","status":"publish","type":"post","link":"https:\/\/www.gaiamedia.org\/deutsch\/2020\/05\/01\/mai-2020-gut-zu-lesen\/","title":{"rendered":"mai 2020 \u2013 gut zu lesen"},"content":{"rendered":"<div id=\"pl-1741\"  class=\"panel-layout\" ><div id=\"pg-1741-0\"  class=\"panel-grid panel-no-style\" ><div id=\"pgc-1741-0-0\"  class=\"panel-grid-cell\" ><div id=\"panel-1741-0-0-0\" class=\"so-panel widget widget_media_image panel-first-child panel-last-child\" data-index=\"0\" ><img width=\"600\" height=\"912\" src=\"https:\/\/www.gaiamedia.org\/deutsch\/wp-content\/uploads\/2020\/05\/Von-Bienen-und-Menschen.jpg\" class=\"image wp-image-1712  attachment-full size-full\" alt=\"\" loading=\"lazy\" style=\"max-width: 100%; height: auto;\" srcset=\"https:\/\/www.gaiamedia.org\/deutsch\/wp-content\/uploads\/2020\/05\/Von-Bienen-und-Menschen.jpg 600w, https:\/\/www.gaiamedia.org\/deutsch\/wp-content\/uploads\/2020\/05\/Von-Bienen-und-Menschen-197x300.jpg 197w, https:\/\/www.gaiamedia.org\/deutsch\/wp-content\/uploads\/2020\/05\/Von-Bienen-und-Menschen-428x650.jpg 428w\" sizes=\"(max-width: 600px) 100vw, 600px\" \/><\/div><\/div><div id=\"pgc-1741-0-1\"  class=\"panel-grid-cell\" ><div id=\"panel-1741-0-1-0\" class=\"so-panel widget widget_text panel-first-child panel-last-child\" data-index=\"1\" ><h3 class=\"widget-title\">Von Bienen und Menschen. Eine Reise durch Europa<\/h3>\t\t\t<div class=\"textwidget\"><p><strong>Ulla Lachauer<\/strong><br \/>\nDas Thema Bienen ist heute in aller Munde. Wer aber sind die Imker? Ulla Lachauer, f\u00fcr ihre Reportagen vor allem \u00fcber Osteuropa vielger\u00fchmt und preisgekr\u00f6nt, hat in den vergangenen Jahren zahlreiche Regionen Europas bereist und mit Imkern gesprochen. Der Bogen ihrer Erkundungen ist weit gespannt: von der Ostseeinsel Gotland \u00fcber die L\u00fcneburger Heide bis nach Stuttgart und in den Schwarzwald, von den franz\u00f6sischen Pyren\u00e4en \u00fcber K\u00e4rnten bis Ljubljana, vom b\u00f6hmischen Isergebirge bis in die russische Exklave Kaliningrad. Ihr Buch enth\u00e4lt vierzehn Portr\u00e4ts passionierter Imker, unter anderem das eines jungen Syrers, der vor dem Krieg in seinem Heimatland mit seinem Vater f\u00fcnfhundert Bienenv\u00f6lker hielt und mittlerweile in Deutschland einen Neuanfang wagt.<br \/>\n<em>Rowohlt, Juli 2018<\/em><\/p>\n<\/div>\n\t\t<\/div><\/div><\/div><div id=\"pg-1741-1\"  class=\"panel-grid panel-no-style\" ><div id=\"pgc-1741-1-0\"  class=\"panel-grid-cell\" ><div id=\"panel-1741-1-0-0\" class=\"so-panel widget widget_media_image panel-first-child panel-last-child\" data-index=\"2\" ><img width=\"600\" height=\"846\" src=\"https:\/\/www.gaiamedia.org\/deutsch\/wp-content\/uploads\/2020\/05\/Kriyas.jpg\" class=\"image wp-image-1711  attachment-full size-full\" alt=\"\" loading=\"lazy\" style=\"max-width: 100%; height: auto;\" srcset=\"https:\/\/www.gaiamedia.org\/deutsch\/wp-content\/uploads\/2020\/05\/Kriyas.jpg 600w, https:\/\/www.gaiamedia.org\/deutsch\/wp-content\/uploads\/2020\/05\/Kriyas-213x300.jpg 213w, https:\/\/www.gaiamedia.org\/deutsch\/wp-content\/uploads\/2020\/05\/Kriyas-461x650.jpg 461w\" sizes=\"(max-width: 600px) 100vw, 600px\" \/><\/div><\/div><div id=\"pgc-1741-1-1\"  class=\"panel-grid-cell\" ><div id=\"panel-1741-1-1-0\" class=\"so-panel widget widget_text panel-first-child panel-last-child\" data-index=\"3\" ><h3 class=\"widget-title\">Kriyas. Die reinigende Kraft des Yoga. Detox-Praktiken f\u00fcr K\u00f6rper und Geist<\/h3>\t\t\t<div class=\"textwidget\"><p><strong>Swami Saradananda<\/strong><br \/>\nLaut der Gesundheitslehre Ayurveda sammelt sich im menschlichen Organismus sogenanntes Ama an: Giftstoffe, die aus ungesunder Nahrung, aber auch ungesunden Gedanken und Verhaltensweisen entstehen. Ama beeinflusst nicht nur den K\u00f6rper negativ, sondern bedroht auch den inneren Frieden, tr\u00fcbt den Blick und die Sinne und kann einem regelrecht und dauerhaft die Laune verderben.<br \/>\nYoga h\u00e4lt f\u00fcr diese Zust\u00e4nde eine ganz besondere Abhilfe parat: Die Kriyas, \u00fcberraschend einfache und \u00fcberzeugende Techniken, die die f\u00fcnf Sinne und den Geist reinigen, Spannungen beseitigen und energetische Blockaden l\u00f6sen. Yogahaltungen, Atem\u00fcbungen, Mudras (Fingeryoga), Mantras, Visualisierungen und spezifische Reinigungstechniken wie die Nasensp\u00fclung oder Entgiftungsb\u00e4der werden in diesem mit farbigen Illustrationen und Fotos ausgestatteten Buch genau erkl\u00e4rt.<br \/>\n<em>Irisiana, April 2020<\/em><\/p>\n<\/div>\n\t\t<\/div><\/div><\/div><div id=\"pg-1741-2\"  class=\"panel-grid panel-no-style\" ><div id=\"pgc-1741-2-0\"  class=\"panel-grid-cell\" ><div id=\"panel-1741-2-0-0\" class=\"so-panel widget widget_media_image panel-first-child panel-last-child\" data-index=\"4\" ><img width=\"600\" height=\"863\" src=\"https:\/\/www.gaiamedia.org\/deutsch\/wp-content\/uploads\/2020\/05\/Legenden-fuer-Kinder.jpg\" class=\"image wp-image-1710  attachment-full size-full\" alt=\"\" loading=\"lazy\" style=\"max-width: 100%; height: auto;\" srcset=\"https:\/\/www.gaiamedia.org\/deutsch\/wp-content\/uploads\/2020\/05\/Legenden-fuer-Kinder.jpg 600w, https:\/\/www.gaiamedia.org\/deutsch\/wp-content\/uploads\/2020\/05\/Legenden-fuer-Kinder-209x300.jpg 209w, https:\/\/www.gaiamedia.org\/deutsch\/wp-content\/uploads\/2020\/05\/Legenden-fuer-Kinder-452x650.jpg 452w\" sizes=\"(max-width: 600px) 100vw, 600px\" \/><\/div><\/div><div id=\"pgc-1741-2-1\"  class=\"panel-grid-cell\" ><div id=\"panel-1741-2-1-0\" class=\"so-panel widget widget_text panel-first-child panel-last-child\" data-index=\"5\" ><h3 class=\"widget-title\">Das grosse Buch der Sagen und Legenden f\u00fcr Kinder<\/h3>\t\t\t<div class=\"textwidget\"><p><strong>Elke Leger<\/strong><br \/>\nKinder im Vorschulalter gehen liebend gerne Fragen nach wie diese: Wie hat der Fremde im lustigen Anzug die Ratten aus Hameln verjagt und wohin entf\u00fchrte er die armen Kinder, nachdem die Bewohner ihn nicht entlohnen wollten? Der junge Siegfried k\u00e4mpfte mit dem Drachen und besiegte ihn mit einem Schlag. Aber wie kam es dazu und wie ging die Geschichte mit dem Lindenblatt weiter? Im dunklen Eichenwald von Sherwood lebt Robin Hood mit seinen Gef\u00e4hrten, k\u00e4mpft gegen die Ungerechtigkeit der Herrschenden und hilft den Armen. Was hat den edlen Mann dazu getrieben und war er wirklich der beste Sch\u00fctze im Land? Dreiundzwanzig alte, bedeutungsvolle Legenden werden in diesem Band neu erz\u00e4hlt und detailliert illustriert.<br \/>\n<em>Anaconda, April 2020<\/em><\/p>\n<\/div>\n\t\t<\/div><\/div><\/div><div id=\"pg-1741-3\"  class=\"panel-grid panel-no-style\" ><div id=\"pgc-1741-3-0\"  class=\"panel-grid-cell\" ><div id=\"panel-1741-3-0-0\" class=\"so-panel widget widget_media_image panel-first-child panel-last-child\" data-index=\"6\" ><img width=\"600\" height=\"984\" src=\"https:\/\/www.gaiamedia.org\/deutsch\/wp-content\/uploads\/2020\/05\/Bodenpflanzen-des-Waldes.jpg\" class=\"image wp-image-1709  attachment-full size-full\" alt=\"\" loading=\"lazy\" style=\"max-width: 100%; height: auto;\" srcset=\"https:\/\/www.gaiamedia.org\/deutsch\/wp-content\/uploads\/2020\/05\/Bodenpflanzen-des-Waldes.jpg 600w, https:\/\/www.gaiamedia.org\/deutsch\/wp-content\/uploads\/2020\/05\/Bodenpflanzen-des-Waldes-183x300.jpg 183w, https:\/\/www.gaiamedia.org\/deutsch\/wp-content\/uploads\/2020\/05\/Bodenpflanzen-des-Waldes-396x650.jpg 396w\" sizes=\"(max-width: 600px) 100vw, 600px\" \/><\/div><\/div><div id=\"pgc-1741-3-1\"  class=\"panel-grid-cell\" ><div id=\"panel-1741-3-1-0\" class=\"so-panel widget widget_text panel-first-child panel-last-child\" data-index=\"7\" ><h3 class=\"widget-title\">Bodenpflanzen des Waldes<\/h3>\t\t\t<div class=\"textwidget\"><p><strong>Gottfried Amann<\/strong><br \/>\nWer einen Blick in die hervorragend k\u00fcnstlerisch gestalteten Bestimmungsb\u00fccher von Professor Amann wirft, wird sich der Faszination, die von der Farbqualit\u00e4t und der naturgetreuen Wiedergabe der Abbildungen ausgeht, nicht entziehen k\u00f6nnen. Die praktische Anordnung der Bildlagen, wodurch mit einem Blick die Vielfalt der Formen und Farben erfasst werden kann, in Verbindung mimt kurzen pr\u00e4gnanten Texten, erm\u00f6glicht allen Naturfreunden, Lehrern, Sch\u00fclern, Ornithologen und Forstleuten ein sicheres Bestimmen von Pflanzen, Insekten und V\u00f6geln des Waldes. Das klingt jetzt alles ein bisschen trocken, aber diese praktischen F\u00fchrer helfen uns weiter, falls wir mehr \u00fcber den Wald erfahren m\u00f6chten.<br \/>\n<em>Neumann-Neudamm Melsungen, April 2020<\/em><\/p>\n<\/div>\n\t\t<\/div><\/div><\/div><div id=\"pg-1741-4\"  class=\"panel-grid panel-no-style\" ><div id=\"pgc-1741-4-0\"  class=\"panel-grid-cell\" ><div id=\"panel-1741-4-0-0\" class=\"so-panel widget widget_media_image panel-first-child panel-last-child\" data-index=\"8\" ><img width=\"600\" height=\"958\" src=\"https:\/\/www.gaiamedia.org\/deutsch\/wp-content\/uploads\/2020\/05\/Simone-de-Beauvoir.jpg\" class=\"image wp-image-1717  attachment-full size-full\" alt=\"\" loading=\"lazy\" style=\"max-width: 100%; height: auto;\" srcset=\"https:\/\/www.gaiamedia.org\/deutsch\/wp-content\/uploads\/2020\/05\/Simone-de-Beauvoir.jpg 600w, https:\/\/www.gaiamedia.org\/deutsch\/wp-content\/uploads\/2020\/05\/Simone-de-Beauvoir-188x300.jpg 188w, https:\/\/www.gaiamedia.org\/deutsch\/wp-content\/uploads\/2020\/05\/Simone-de-Beauvoir-407x650.jpg 407w\" sizes=\"(max-width: 600px) 100vw, 600px\" \/><\/div><\/div><div id=\"pgc-1741-4-1\"  class=\"panel-grid-cell\" ><div id=\"panel-1741-4-1-0\" class=\"so-panel widget widget_text panel-first-child panel-last-child\" data-index=\"9\" ><h3 class=\"widget-title\">Simone de Beauvoir. Ein modernes Leben<\/h3>\t\t\t<div class=\"textwidget\"><p><strong>Kate Kirkpatrick<\/strong><br \/>\nSimone de Beauvoir war eine der einflussreichsten Intellektuellen des zwanzigsten Jahrhunderts. Ihr Buch Das andere Geschlecht hat die Art und Weise, wie wir \u00fcber Geschlechtergrenzen denken, f\u00fcr immer ver\u00e4ndert. Dennoch wurde ihr Leben weitgehend falsch dargestellt und zutiefst missverstanden. Kate Kirkpatrick greift auf bisher unver\u00f6ffentlichte Tageb\u00fccher und Briefe zur\u00fcck, und gibt einen spannenden Einblick in Beauvoirs Beziehungen, ihre Philosophie der Freiheit und der Liebe und ihr Ringen darum, sie selbst werden zu d\u00fcrfen.<br \/>\n<em>Piper, April 2020<\/em><\/p>\n<\/div>\n\t\t<\/div><\/div><\/div><\/div>","protected":false},"excerpt":{"rendered":"<p>Ulla Lachauer Das Thema Bienen ist heute in aller Munde. Wer aber sind die Imker? Ulla Lachauer, f\u00fcr ihre Reportagen vor allem \u00fcber Osteuropa vielger\u00fchmt und preisgekr\u00f6nt, hat in den vergangenen Jahren zahlreiche Regionen Europas bereist und mit Imkern gesprochen. Der Bogen ihrer Erkundungen ist weit gespannt: von der Ostseeinsel Gotland \u00fcber die L\u00fcneburger Heide<a href=\"https:\/\/www.gaiamedia.org\/deutsch\/2020\/05\/01\/mai-2020-gut-zu-lesen\/\" class=\"read-more\">Continue Reading<\/a><\/p>\n","protected":false},"author":1,"featured_media":0,"comment_status":"closed","ping_status":"closed","sticky":false,"template":"","format":"standard","meta":[],"categories":[6],"tags":[],"_links":{"self":[{"href":"https:\/\/www.gaiamedia.org\/deutsch\/wp-json\/wp\/v2\/posts\/1741"}],"collection":[{"href":"https:\/\/www.gaiamedia.org\/deutsch\/wp-json\/wp\/v2\/posts"}],"about":[{"href":"https:\/\/www.gaiamedia.org\/deutsch\/wp-json\/wp\/v2\/types\/post"}],"author":[{"embeddable":true,"href":"https:\/\/www.gaiamedia.org\/deutsch\/wp-json\/wp\/v2\/users\/1"}],"replies":[{"embeddable":true,"href":"https:\/\/www.gaiamedia.org\/deutsch\/wp-json\/wp\/v2\/comments?post=1741"}],"version-history":[{"count":2,"href":"https:\/\/www.gaiamedia.org\/deutsch\/wp-json\/wp\/v2\/posts\/1741\/revisions"}],"predecessor-version":[{"id":1743,"href":"https:\/\/www.gaiamedia.org\/deutsch\/wp-json\/wp\/v2\/posts\/1741\/revisions\/1743"}],"wp:attachment":[{"href":"https:\/\/www.gaiamedia.org\/deutsch\/wp-json\/wp\/v2\/media?parent=1741"}],"wp:term":[{"taxonomy":"category","embeddable":true,"href":"https:\/\/www.gaiamedia.org\/deutsch\/wp-json\/wp\/v2\/categories?post=1741"},{"taxonomy":"post_tag","embeddable":true,"href":"https:\/\/www.gaiamedia.org\/deutsch\/wp-json\/wp\/v2\/tags?post=1741"}],"curies":[{"name":"wp","href":"https:\/\/api.w.org\/{rel}","templated":true}]}}