{"id":1763,"date":"2020-06-01T14:53:29","date_gmt":"2020-06-01T12:53:29","guid":{"rendered":"https:\/\/www.gaiamedia.org\/deutsch\/?p=1763"},"modified":"2020-06-08T14:56:30","modified_gmt":"2020-06-08T12:56:30","slug":"juni-2020-gut-zu-lesen","status":"publish","type":"post","link":"https:\/\/www.gaiamedia.org\/deutsch\/2020\/06\/01\/juni-2020-gut-zu-lesen\/","title":{"rendered":"juni 2020 \u2013 gut zu lesen"},"content":{"rendered":"<div id=\"pl-1763\"  class=\"panel-layout\" ><div id=\"pg-1763-0\"  class=\"panel-grid panel-no-style\" ><div id=\"pgc-1763-0-0\"  class=\"panel-grid-cell\" ><div id=\"panel-1763-0-0-0\" class=\"so-panel widget widget_media_image panel-first-child panel-last-child\" data-index=\"0\" ><img width=\"600\" height=\"1079\" src=\"https:\/\/www.gaiamedia.org\/deutsch\/wp-content\/uploads\/2020\/06\/Klima-Appell.jpg\" class=\"image wp-image-1756  attachment-full size-full\" alt=\"\" loading=\"lazy\" style=\"max-width: 100%; height: auto;\" srcset=\"https:\/\/www.gaiamedia.org\/deutsch\/wp-content\/uploads\/2020\/06\/Klima-Appell.jpg 600w, https:\/\/www.gaiamedia.org\/deutsch\/wp-content\/uploads\/2020\/06\/Klima-Appell-167x300.jpg 167w, https:\/\/www.gaiamedia.org\/deutsch\/wp-content\/uploads\/2020\/06\/Klima-Appell-569x1024.jpg 569w, https:\/\/www.gaiamedia.org\/deutsch\/wp-content\/uploads\/2020\/06\/Klima-Appell-361x650.jpg 361w\" sizes=\"(max-width: 600px) 100vw, 600px\" \/><\/div><\/div><div id=\"pgc-1763-0-1\"  class=\"panel-grid-cell\" ><div id=\"panel-1763-0-1-0\" class=\"so-panel widget widget_text panel-first-child panel-last-child\" data-index=\"1\" ><h3 class=\"widget-title\">Der Klima-Appell des Dalai Lama an die Welt: Sch\u00fctzt unsere Umwelt<\/h3>\t\t\t<div class=\"textwidget\"><p><strong>mit Franz Alt (Hg.)\u00a0<\/strong><br \/>\nPazifische Inseln verschwinden im Meer, das Artensterben hat erschreckende Ausmasse erreicht und die zunehmende Wasserknappheit erfasst nun auch den europ\u00e4ischen Kontinent. Kurzum: Der Klimawandel l\u00e4sst sich nicht mehr leugnen, er bedroht unsere Existenz auf der Erde. Umso wichtiger ist die Stimme des Dalai-Lama: Nicht nur appelliert er an uns alle, endlich etwas gegen den Stillstand und die Ignoranz in dieser Frage zu unternehmen. Auf eindringliche und inspirierende Weise zeigt er zudem, warum es sich f\u00fcr eine klimagerechtere Welt zu k\u00e4mpfen lohnt \u2013 denn gerade die junge Generation hat ein Recht darauf, sich ihre Zukunft zur\u00fcckzuholen.<br \/>\n<em>Benevento, M\u00e4rz 2020<\/em><\/p>\n<\/div>\n\t\t<\/div><\/div><\/div><div id=\"pg-1763-1\"  class=\"panel-grid panel-no-style\" ><div id=\"pgc-1763-1-0\"  class=\"panel-grid-cell\" ><div id=\"panel-1763-1-0-0\" class=\"so-panel widget widget_media_image panel-first-child panel-last-child\" data-index=\"2\" ><img width=\"600\" height=\"802\" src=\"https:\/\/www.gaiamedia.org\/deutsch\/wp-content\/uploads\/2020\/06\/Reisebuch-Alpen.jpg\" class=\"image wp-image-1755  attachment-full size-full\" alt=\"\" loading=\"lazy\" style=\"max-width: 100%; height: auto;\" srcset=\"https:\/\/www.gaiamedia.org\/deutsch\/wp-content\/uploads\/2020\/06\/Reisebuch-Alpen.jpg 600w, https:\/\/www.gaiamedia.org\/deutsch\/wp-content\/uploads\/2020\/06\/Reisebuch-Alpen-224x300.jpg 224w, https:\/\/www.gaiamedia.org\/deutsch\/wp-content\/uploads\/2020\/06\/Reisebuch-Alpen-486x650.jpg 486w\" sizes=\"(max-width: 600px) 100vw, 600px\" \/><\/div><\/div><div id=\"pgc-1763-1-1\"  class=\"panel-grid-cell\" ><div id=\"panel-1763-1-1-0\" class=\"so-panel widget widget_text panel-first-child panel-last-child\" data-index=\"3\" ><h3 class=\"widget-title\">Das Reisebuch Alpen. Die sch\u00f6nsten Ziele entdecken \u2013 Highlights, Naturwunder und Traumtouren<\/h3>\t\t\t<div class=\"textwidget\"><p><strong>Eugen E. H\u00fcsler<\/strong><br \/>\nDa ist der Titel Programm und braucht keine langen Erkl\u00e4rungen. Wir sind \u2013 ganz besonders in diesem Sommer \u2013 aufgefordert, unsere Ferien in der N\u00e4he zu verbringen: Sie erstrecken sich auf 1200 Kilometer \u2013 vom Ligurischen Meer bis zum Pannonischen Becken: die Alpen. Dabei ist der Alpenbogen zwischen 150 und 250 Kilometer breit. Und auf dieser Fl\u00e4che vereinen sich allerhand Naturwunder und Traumtouren: vom Schweizer Matterhorn \u00fcber den bayerischen K\u00f6nigssee bis zu den Drei Zinnen in S\u00fcdtirol. Folgen Sie uns auf sattgr\u00fcne Almen, zu tosenden Wasserf\u00e4llen und klaren Bergseen sowie auf die h\u00f6chsten Alpengipfel. Eugen E. H\u00fcsler, geboren 1944 in Z\u00fcrich, hat bisher \u00fcber 100 Reisef\u00fchrer, Wander- und Klettersteigf\u00fchrer sowie Bildb\u00e4nde ver\u00f6ffentlicht.<br \/>\n<em>Bruckmann, Mai 2020<\/em><\/p>\n<\/div>\n\t\t<\/div><\/div><\/div><div id=\"pg-1763-2\"  class=\"panel-grid panel-no-style\" ><div id=\"pgc-1763-2-0\"  class=\"panel-grid-cell\" ><div id=\"panel-1763-2-0-0\" class=\"so-panel widget widget_media_image panel-first-child panel-last-child\" data-index=\"4\" ><img width=\"600\" height=\"851\" src=\"https:\/\/www.gaiamedia.org\/deutsch\/wp-content\/uploads\/2020\/06\/Holistik.jpg\" class=\"image wp-image-1754  attachment-full size-full\" alt=\"\" loading=\"lazy\" style=\"max-width: 100%; height: auto;\" srcset=\"https:\/\/www.gaiamedia.org\/deutsch\/wp-content\/uploads\/2020\/06\/Holistik.jpg 600w, https:\/\/www.gaiamedia.org\/deutsch\/wp-content\/uploads\/2020\/06\/Holistik-212x300.jpg 212w, https:\/\/www.gaiamedia.org\/deutsch\/wp-content\/uploads\/2020\/06\/Holistik-458x650.jpg 458w\" sizes=\"(max-width: 600px) 100vw, 600px\" \/><\/div><\/div><div id=\"pgc-1763-2-1\"  class=\"panel-grid-cell\" ><div id=\"panel-1763-2-1-0\" class=\"so-panel widget widget_text panel-first-child panel-last-child\" data-index=\"5\" ><h3 class=\"widget-title\">Holistik. Paradigma der Ganzheitlichkeit<\/h3>\t\t\t<div class=\"textwidget\"><p><strong>Johannes Edelmann<\/strong><br \/>\nMit Descartes gab es zur Zeit der Aufkl\u00e4rung die kartesische Wende. Das magisch&#8211;mythische Zeitalter ging zu Ende und das rationale begann. Nun stehen wir wieder vor einer epochalen &#8211; und diesmal vor einer alles entscheidenden Ver\u00e4nderung &#8211; der holistischen Wende. Diese Wende beginnt in unserem Bewusstsein. Eine holistische Philosophie, die die analytischen Einzelwissenschaften integriert und zu einer Synthese bringt, ist h\u00f6chst \u00fcberf\u00e4llig aber immer noch nicht etabliert. Auch die alte lineare Evolutionslehre muss nun durch eine neue, eine holistische Emergenztheorie ersetzt werden. Das Blatt wird sich aber erst wenden, wenn das ganzheitliche Welt- und Selbstverst\u00e4ndnis im kollektiven Bewusstsein der Menschheit angekommen ist.<br \/>\n<em>EAN, Mai 2020<\/em><\/p>\n<\/div>\n\t\t<\/div><\/div><\/div><div id=\"pg-1763-3\"  class=\"panel-grid panel-no-style\" ><div id=\"pgc-1763-3-0\"  class=\"panel-grid-cell\" ><div id=\"panel-1763-3-0-0\" class=\"so-panel widget widget_media_image panel-first-child panel-last-child\" data-index=\"6\" ><img width=\"600\" height=\"846\" src=\"https:\/\/www.gaiamedia.org\/deutsch\/wp-content\/uploads\/2020\/06\/Psychedelische-Selbsterfahrung.jpg\" class=\"image wp-image-1758  attachment-full size-full\" alt=\"\" loading=\"lazy\" style=\"max-width: 100%; height: auto;\" srcset=\"https:\/\/www.gaiamedia.org\/deutsch\/wp-content\/uploads\/2020\/06\/Psychedelische-Selbsterfahrung.jpg 600w, https:\/\/www.gaiamedia.org\/deutsch\/wp-content\/uploads\/2020\/06\/Psychedelische-Selbsterfahrung-213x300.jpg 213w, https:\/\/www.gaiamedia.org\/deutsch\/wp-content\/uploads\/2020\/06\/Psychedelische-Selbsterfahrung-461x650.jpg 461w\" sizes=\"(max-width: 600px) 100vw, 600px\" \/><\/div><\/div><div id=\"pgc-1763-3-1\"  class=\"panel-grid-cell\" ><div id=\"panel-1763-3-1-0\" class=\"so-panel widget widget_text panel-first-child panel-last-child\" data-index=\"7\" ><h3 class=\"widget-title\">Psychedelische Selbsterfahrung und Therapie<\/h3>\t\t\t<div class=\"textwidget\"><p><strong>Stanislav Grof<\/strong><br \/>\nDie handliche Broschur enth\u00e4lt zwei Kapitel aus dem im Herbst erscheinenden zweiten Band von\u00a0<em>Der Weg des Psychonauten<\/em>. In ihr breitet der ber\u00fchmte transpersonale Psychiater einmal mehr sein ph\u00e4nomenales Wissen vor uns aus, schildert die Geschichte der psychedelischen Therapie und zeigt uns, wie wir unseren Weg nach innen m\u00f6glichst sinnvoll gestalten k\u00f6nnen. Das zweite hier vorgestellte Thema handelt von den psychischen und spirituellen Dimensionen des Todes, die von unserer rational ausgerichteten Gesellschaft \u00fcberwiegend verdr\u00e4ngt werden. Stan Grof stellt die Frage nach einem Leben nach dem Tod und er\u00f6rtert die M\u00f6glichkeit der Wiedergeburt, von Erinnerungen an fr\u00fcheren Leben bis hin zum medialen Umgang mit Verstorbenen. Er schreibt anschaulich, konzentriert und verst\u00e4ndlich. Seine Ausf\u00fchrungen dienen sowohl Laien als auch Fachleuten als detaillierte Wissensgrundlage. (sgs) <em>Nachtschatten Verlag, Mai 2020<\/em><\/p>\n<\/div>\n\t\t<\/div><\/div><\/div><div id=\"pg-1763-4\"  class=\"panel-grid panel-no-style\" ><div id=\"pgc-1763-4-0\"  class=\"panel-grid-cell\" ><div id=\"panel-1763-4-0-0\" class=\"so-panel widget widget_media_image panel-first-child panel-last-child\" data-index=\"8\" ><img width=\"600\" height=\"921\" src=\"https:\/\/www.gaiamedia.org\/deutsch\/wp-content\/uploads\/2020\/06\/Entstoerte-Mensch.jpg\" class=\"image wp-image-1757  attachment-full size-full\" alt=\"\" loading=\"lazy\" style=\"max-width: 100%; height: auto;\" srcset=\"https:\/\/www.gaiamedia.org\/deutsch\/wp-content\/uploads\/2020\/06\/Entstoerte-Mensch.jpg 600w, https:\/\/www.gaiamedia.org\/deutsch\/wp-content\/uploads\/2020\/06\/Entstoerte-Mensch-195x300.jpg 195w, https:\/\/www.gaiamedia.org\/deutsch\/wp-content\/uploads\/2020\/06\/Entstoerte-Mensch-423x650.jpg 423w\" sizes=\"(max-width: 600px) 100vw, 600px\" \/><\/div><\/div><div id=\"pgc-1763-4-1\"  class=\"panel-grid-cell\" ><div id=\"panel-1763-4-1-0\" class=\"so-panel widget widget_text panel-first-child panel-last-child\" data-index=\"9\" ><h3 class=\"widget-title\">Der entst\u00f6rte Mensch. Wie wir uns selbst und die Welt ver\u00e4ndern<\/h3>\t\t\t<div class=\"textwidget\"><p><strong>Petra Bock<\/strong><br \/>\nWir stehen vor einem gewaltigen Innovationsschub. Technisch, wirtschaftlich und politisch. Vor allem aber menschlich. Wir sehen gerade, wie komplex und fragil unsere Welt ist &#8211; unsere innere ebenso wie die \u00e4ussere-, und dass wir mit unseren bisherigen Strategien so nicht mehr weiter kommen. Keine Spezies lernt schneller als der Mensch. Und keine Spezies hat mehr zu lernen. Wir werden uns neu erfinden. Die Transformations-Forscherin Petra Bock hat ein Muster in unserem Denken entdeckt, das die Ursache unserer heutigen Probleme und der Code der bisherigen menschlichen Zivilisation sein k\u00f6nnte. Es ist ein f\u00fcr die heutige Welt zu kurzsichtig angelegtes, automatisch ablaufendes \u00dcberlebensprogramm, das uns Krisen immer schlechter bew\u00e4ltigen l\u00e4sst.<br \/>\n<em>Droemer, Mai 2020<\/em><\/p>\n<\/div>\n\t\t<\/div><\/div><\/div><\/div>","protected":false},"excerpt":{"rendered":"<p>mit Franz Alt (Hg.)\u00a0 Pazifische Inseln verschwinden im Meer, das Artensterben hat erschreckende Ausmasse erreicht und die zunehmende Wasserknappheit erfasst nun auch den europ\u00e4ischen Kontinent. Kurzum: Der Klimawandel l\u00e4sst sich nicht mehr leugnen, er bedroht unsere Existenz auf der Erde. Umso wichtiger ist die Stimme des Dalai-Lama: Nicht nur appelliert er an uns alle, endlich<a href=\"https:\/\/www.gaiamedia.org\/deutsch\/2020\/06\/01\/juni-2020-gut-zu-lesen\/\" class=\"read-more\">Continue Reading<\/a><\/p>\n","protected":false},"author":1,"featured_media":0,"comment_status":"closed","ping_status":"closed","sticky":false,"template":"","format":"standard","meta":[],"categories":[6],"tags":[],"_links":{"self":[{"href":"https:\/\/www.gaiamedia.org\/deutsch\/wp-json\/wp\/v2\/posts\/1763"}],"collection":[{"href":"https:\/\/www.gaiamedia.org\/deutsch\/wp-json\/wp\/v2\/posts"}],"about":[{"href":"https:\/\/www.gaiamedia.org\/deutsch\/wp-json\/wp\/v2\/types\/post"}],"author":[{"embeddable":true,"href":"https:\/\/www.gaiamedia.org\/deutsch\/wp-json\/wp\/v2\/users\/1"}],"replies":[{"embeddable":true,"href":"https:\/\/www.gaiamedia.org\/deutsch\/wp-json\/wp\/v2\/comments?post=1763"}],"version-history":[{"count":2,"href":"https:\/\/www.gaiamedia.org\/deutsch\/wp-json\/wp\/v2\/posts\/1763\/revisions"}],"predecessor-version":[{"id":1765,"href":"https:\/\/www.gaiamedia.org\/deutsch\/wp-json\/wp\/v2\/posts\/1763\/revisions\/1765"}],"wp:attachment":[{"href":"https:\/\/www.gaiamedia.org\/deutsch\/wp-json\/wp\/v2\/media?parent=1763"}],"wp:term":[{"taxonomy":"category","embeddable":true,"href":"https:\/\/www.gaiamedia.org\/deutsch\/wp-json\/wp\/v2\/categories?post=1763"},{"taxonomy":"post_tag","embeddable":true,"href":"https:\/\/www.gaiamedia.org\/deutsch\/wp-json\/wp\/v2\/tags?post=1763"}],"curies":[{"name":"wp","href":"https:\/\/api.w.org\/{rel}","templated":true}]}}