{"id":2142,"date":"2021-05-01T00:46:07","date_gmt":"2021-04-30T22:46:07","guid":{"rendered":"https:\/\/www.gaiamedia.org\/deutsch\/?p=2142"},"modified":"2021-08-26T00:52:23","modified_gmt":"2021-08-25T22:52:23","slug":"mai-2021-gut-zu-lesen","status":"publish","type":"post","link":"https:\/\/www.gaiamedia.org\/deutsch\/2021\/05\/01\/mai-2021-gut-zu-lesen\/","title":{"rendered":"mai 2021 \u2013 gut zu lesen"},"content":{"rendered":"<div id=\"pl-2142\"  class=\"panel-layout\" ><div id=\"pg-2142-0\"  class=\"panel-grid panel-no-style\" ><div id=\"pgc-2142-0-0\"  class=\"panel-grid-cell\" ><div id=\"panel-2142-0-0-0\" class=\"so-panel widget widget_media_image panel-first-child panel-last-child\" data-index=\"0\" ><img width=\"800\" height=\"1254\" src=\"https:\/\/www.gaiamedia.org\/deutsch\/wp-content\/uploads\/2021\/08\/9783423282758xxl.jpg\" class=\"image wp-image-2143  attachment-full size-full\" alt=\"\" loading=\"lazy\" style=\"max-width: 100%; height: auto;\" srcset=\"https:\/\/www.gaiamedia.org\/deutsch\/wp-content\/uploads\/2021\/08\/9783423282758xxl.jpg 800w, https:\/\/www.gaiamedia.org\/deutsch\/wp-content\/uploads\/2021\/08\/9783423282758xxl-191x300.jpg 191w, https:\/\/www.gaiamedia.org\/deutsch\/wp-content\/uploads\/2021\/08\/9783423282758xxl-653x1024.jpg 653w, https:\/\/www.gaiamedia.org\/deutsch\/wp-content\/uploads\/2021\/08\/9783423282758xxl-768x1204.jpg 768w, https:\/\/www.gaiamedia.org\/deutsch\/wp-content\/uploads\/2021\/08\/9783423282758xxl-415x650.jpg 415w\" sizes=\"(max-width: 800px) 100vw, 800px\" \/><\/div><\/div><div id=\"pgc-2142-0-1\"  class=\"panel-grid-cell\" ><div id=\"panel-2142-0-1-0\" class=\"so-panel widget widget_text panel-first-child panel-last-child\" data-index=\"1\" ><h3 class=\"widget-title\">Schlacht der Identit\u00e4ten. 20 Thesen zum Rassismus \u2013 und wie wir ihm die Macht nehmen<\/h3>\t\t\t<div class=\"textwidget\"><p><strong>Hamed Abdel-Samad<\/strong><br \/>\nHamed Abdel-Samad hat Rassismus erlebt: In \u00c4gypten wurde er als hellh\u00e4utiger Kreuzritterbastard denunziert, in Deutschland ist seine Haut manchen zu dunkel, sein Name anderen zu muslimisch. Dieses erfahrungssatte Buch ist kein Bericht der Betroffenheit. Es ist die Analyse eines durch Globalisierung, Migration und Vorf\u00e4lle in den USA auch hierzulande angeheizten Themas. Die Radikalit\u00e4t der Debatte, die in Deutschland weit \u00fcber das Thema Rassismus hinaus Fragen von Identit\u00e4t, Zugeh\u00f6rigkeit, Rederecht und Redeverbot behandelt, droht die Gesellschaft tief zu spalten. Abdel-Samad sucht die Auseinandersetzung zu rationalisieren und zeigt im Individualismus einen Ausweg aus der zwanghaft identit\u00e4tsfixierten Zugeh\u00f6rigkeitsdebatte. Der Kampf gegen den Rassismus ist eine Menschheitsaufgabe<br \/>\n<em>DTV<\/em> | <em>April 2021<\/em><\/p>\n<\/div>\n\t\t<\/div><\/div><\/div><div id=\"pg-2142-1\"  class=\"panel-grid panel-no-style\" ><div id=\"pgc-2142-1-0\"  class=\"panel-grid-cell\" ><div id=\"panel-2142-1-0-0\" class=\"so-panel widget widget_media_image panel-first-child panel-last-child\" data-index=\"2\" ><img width=\"800\" height=\"1212\" src=\"https:\/\/www.gaiamedia.org\/deutsch\/wp-content\/uploads\/2021\/08\/9783778793084xxl.jpg\" class=\"image wp-image-2144  attachment-full size-full\" alt=\"\" loading=\"lazy\" style=\"max-width: 100%; height: auto;\" srcset=\"https:\/\/www.gaiamedia.org\/deutsch\/wp-content\/uploads\/2021\/08\/9783778793084xxl.jpg 800w, https:\/\/www.gaiamedia.org\/deutsch\/wp-content\/uploads\/2021\/08\/9783778793084xxl-198x300.jpg 198w, https:\/\/www.gaiamedia.org\/deutsch\/wp-content\/uploads\/2021\/08\/9783778793084xxl-676x1024.jpg 676w, https:\/\/www.gaiamedia.org\/deutsch\/wp-content\/uploads\/2021\/08\/9783778793084xxl-768x1164.jpg 768w, https:\/\/www.gaiamedia.org\/deutsch\/wp-content\/uploads\/2021\/08\/9783778793084xxl-429x650.jpg 429w\" sizes=\"(max-width: 800px) 100vw, 800px\" \/><\/div><\/div><div id=\"pgc-2142-1-1\"  class=\"panel-grid-cell\" ><div id=\"panel-2142-1-1-0\" class=\"so-panel widget widget_text panel-first-child panel-last-child\" data-index=\"3\" ><h3 class=\"widget-title\">Die Wim Hof-Methode. Sprenge deine Grenzen und aktiviere dein volles Potential<\/h3>\t\t\t<div class=\"textwidget\"><p><strong>Wim Hof<\/strong><br \/>\nLeidenschaftlich und fesselnd schildert Wim Hof seinen Weg zum weltbekannten \u00bbIceman\u00ab und legt erstmals umfassend seine revolution\u00e4re Methode dar. Diese basiert auf drei S\u00e4ulen: die Kraft der K\u00e4lte, bewusstes Atmen und Mentaltraining. Die Wim-Hof-Methode wird weltweit an acht Universit\u00e4ten wissenschaftlich begleitet. Neueste Forschungserkenntnisse und erstaunliche Erfahrungsberichte zeigen, dass sie bereits innerhalb weniger Tage die Gesundheit entscheidend verbessert: Sie st\u00e4rkt das Immunsystem, steigert die Stressresistenz, verbessert das Schlafverhalten und erm\u00f6glicht h\u00f6here sportliche und mentale Leistungen. Ob jung oder alt \u2013 jeder kann die Wim-Hof-Methode anwenden und Zugang zu ungeahnten Energiequellen erschliessen, Selbstheilungskr\u00e4fte aktivieren und innere Grenzen sprengen.<br \/>\n<em>Integral<\/em> | <em>April 2021<\/em><\/p>\n<\/div>\n\t\t<\/div><\/div><\/div><div id=\"pg-2142-2\"  class=\"panel-grid panel-no-style\" ><div id=\"pgc-2142-2-0\"  class=\"panel-grid-cell\" ><div id=\"panel-2142-2-0-0\" class=\"so-panel widget widget_media_image panel-first-child panel-last-child\" data-index=\"4\" ><img width=\"487\" height=\"648\" src=\"https:\/\/www.gaiamedia.org\/deutsch\/wp-content\/uploads\/2021\/08\/9783936086355xxl.jpg\" class=\"image wp-image-2145  attachment-full size-full\" alt=\"\" loading=\"lazy\" style=\"max-width: 100%; height: auto;\" srcset=\"https:\/\/www.gaiamedia.org\/deutsch\/wp-content\/uploads\/2021\/08\/9783936086355xxl.jpg 487w, https:\/\/www.gaiamedia.org\/deutsch\/wp-content\/uploads\/2021\/08\/9783936086355xxl-225x300.jpg 225w\" sizes=\"(max-width: 487px) 100vw, 487px\" \/><\/div><\/div><div id=\"pgc-2142-2-1\"  class=\"panel-grid-cell\" ><div id=\"panel-2142-2-1-0\" class=\"so-panel widget widget_text panel-first-child panel-last-child\" data-index=\"5\" ><h3 class=\"widget-title\">Propaganda. Die Kunst der Public Relations<\/h3>\t\t\t<div class=\"textwidget\"><p><strong>Edward Bernays, Mark Crispin Miller<\/strong><br \/>\nEdward Bernays (1891-1995) gilt als Vater der Public Relations. Bernays machte nicht nur das Werk seines Onkels Sigmund Freud popul\u00e4r, er bediente sich auch bei der Psychoanalyse und entwickelte auf ihrer Basis Methoden zur Steuerung der \u00f6ffentlichen Meinung. In klarer Sprache, frei vom heute verbreiteten Branchenvokabular, legt er in Propaganda dar, worin sich Public Relations von Werbung unterscheidet. Er begr\u00fcndet, warum es von elementarer Bedeutung ist, die Meinung der Massen zu steuern \u2013 und erkl\u00e4rt an ganz konkreten Beispielen, wie das geht. Freim\u00fctig berichtet erOrange, wie sich \u00fcber den gezielten Zugriff auf das Unbewusste Waren verkaufen oder gesellschaftlich unpopul\u00e4re Massnahmen durchsetzen lassen. Er schafft damit bis heute g\u00fcltige Grundlagen f\u00fcr Unternehmens- und Regierungskommunikation und einen Klassiker des 20. Jahrhunderts, der in einer Reihe steht mit Machiavelli und Clausewitz.<br \/>\n<em>Orange press<\/em> | <em>April 2021<\/em><\/p>\n<\/div>\n\t\t<\/div><\/div><\/div><div id=\"pg-2142-3\"  class=\"panel-grid panel-no-style\" ><div id=\"pgc-2142-3-0\"  class=\"panel-grid-cell\" ><div id=\"panel-2142-3-0-0\" class=\"so-panel widget widget_media_image panel-first-child panel-last-child\" data-index=\"6\" ><img width=\"800\" height=\"1245\" src=\"https:\/\/www.gaiamedia.org\/deutsch\/wp-content\/uploads\/2021\/08\/9783742313355xxl.jpg\" class=\"image wp-image-2146  attachment-full size-full\" alt=\"\" loading=\"lazy\" style=\"max-width: 100%; height: auto;\" srcset=\"https:\/\/www.gaiamedia.org\/deutsch\/wp-content\/uploads\/2021\/08\/9783742313355xxl.jpg 800w, https:\/\/www.gaiamedia.org\/deutsch\/wp-content\/uploads\/2021\/08\/9783742313355xxl-193x300.jpg 193w, https:\/\/www.gaiamedia.org\/deutsch\/wp-content\/uploads\/2021\/08\/9783742313355xxl-658x1024.jpg 658w, https:\/\/www.gaiamedia.org\/deutsch\/wp-content\/uploads\/2021\/08\/9783742313355xxl-768x1195.jpg 768w, https:\/\/www.gaiamedia.org\/deutsch\/wp-content\/uploads\/2021\/08\/9783742313355xxl-418x650.jpg 418w\" sizes=\"(max-width: 800px) 100vw, 800px\" \/><\/div><\/div><div id=\"pgc-2142-3-1\"  class=\"panel-grid-cell\" ><div id=\"panel-2142-3-1-0\" class=\"so-panel widget widget_text panel-first-child panel-last-child\" data-index=\"7\" ><h3 class=\"widget-title\">Ahatomie. Verbl\u00fcffende Erkenntnisse \u00fcber unseren erstaunlichen K\u00f6rper<\/h3>\t\t\t<div class=\"textwidget\"><p><strong>J\u00fcrgen Brater<\/strong><br \/>\nWarum werden rote Haare nicht grau? K\u00f6nnen wir Heiss und Kalt h\u00f6ren? Und was hat Schlafmangel mit unserer Figur zu tun? In einer Rehaklinik treffen sich ein Landarzt, eine Lehrerin, eine Studentin sowie der Ich-Erz\u00e4hler und unterhalten sich angeregt \u00fcber die verbl\u00fcffenden Ph\u00e4nomene unseres K\u00f6rpers. Der Mediziner Dr. J\u00fcrgen Brater kl\u00e4rt uns gewitzt und kompetent \u00fcber unseren erstaunlichen K\u00f6rper und seine Besonderheiten auf. \u00dcber K\u00f6rperph\u00e4nomene, die wir t\u00e4glich wahrnehmen, deren Ursprung und Funktion uns aber meist nicht bewusst ist. Ein ebenso heiteres wie spannendes Buch f\u00fcr alle, die den menschlichen K\u00f6rper besser verstehen wollen.<br \/>\n<em>Riva<\/em> | <em>Mai 2021<\/em><\/p>\n<\/div>\n\t\t<\/div><\/div><\/div><div id=\"pg-2142-4\"  class=\"panel-grid panel-no-style\" ><div id=\"pgc-2142-4-0\"  class=\"panel-grid-cell\" ><div id=\"panel-2142-4-0-0\" class=\"so-panel widget widget_media_image panel-first-child panel-last-child\" data-index=\"8\" ><img width=\"800\" height=\"1338\" src=\"https:\/\/www.gaiamedia.org\/deutsch\/wp-content\/uploads\/2021\/08\/9783103970937xxl.jpg\" class=\"image wp-image-2147  attachment-full size-full\" alt=\"\" loading=\"lazy\" style=\"max-width: 100%; height: auto;\" srcset=\"https:\/\/www.gaiamedia.org\/deutsch\/wp-content\/uploads\/2021\/08\/9783103970937xxl.jpg 800w, https:\/\/www.gaiamedia.org\/deutsch\/wp-content\/uploads\/2021\/08\/9783103970937xxl-179x300.jpg 179w, https:\/\/www.gaiamedia.org\/deutsch\/wp-content\/uploads\/2021\/08\/9783103970937xxl-612x1024.jpg 612w, https:\/\/www.gaiamedia.org\/deutsch\/wp-content\/uploads\/2021\/08\/9783103970937xxl-768x1284.jpg 768w, https:\/\/www.gaiamedia.org\/deutsch\/wp-content\/uploads\/2021\/08\/9783103970937xxl-389x650.jpg 389w\" sizes=\"(max-width: 800px) 100vw, 800px\" \/><\/div><\/div><div id=\"pgc-2142-4-1\"  class=\"panel-grid-cell\" ><div id=\"panel-2142-4-1-0\" class=\"so-panel widget widget_text panel-first-child panel-last-child\" data-index=\"9\" ><h3 class=\"widget-title\">Der Friedhof der vergessenen B\u00fccher. Erz\u00e4hlungen<\/h3>\t\t\t<div class=\"textwidget\"><p><strong>Carlos Ruiz Saf\u00f3n<\/strong><br \/>\nDer Friedhof der vergessenen B\u00fccher ist der geheimnisvolle Ort, um den das gesamte Erz\u00e4hluniversum von Carlos Ruiz Zaf\u00f3n kreist: Eine tief unter Barcelona verborgene Bibliothek, in der die B\u00fccher darauf warten, ihre Seele an ihren Leser weiterzugeben.<br \/>\nZaf\u00f3ns letztes Projekt war es, diesen Ort in Erz\u00e4hlungen weiterwachsen zu lassen. Es entstand ein Geheimfach von Geschichten, das hier zum ersten Mal vollst\u00e4ndig ge\u00f6ffnet wird. Es war sein grosser Wunsch, diese Texte in einem Buch zu sammeln, nun wurde es zum letzten Geschenk an seine Leser und Leserinnen.<br \/>\n<em>S. Fischer Verlag<\/em> | <em>Mai 2021<\/em><\/p>\n<\/div>\n\t\t<\/div><\/div><\/div><\/div>","protected":false},"excerpt":{"rendered":"<p>Hamed Abdel-Samad Hamed Abdel-Samad hat Rassismus erlebt: In \u00c4gypten wurde er als hellh\u00e4utiger Kreuzritterbastard denunziert, in Deutschland ist seine Haut manchen zu dunkel, sein Name anderen zu muslimisch. Dieses erfahrungssatte Buch ist kein Bericht der Betroffenheit. Es ist die Analyse eines durch Globalisierung, Migration und Vorf\u00e4lle in den USA auch hierzulande angeheizten Themas. Die Radikalit\u00e4t<a href=\"https:\/\/www.gaiamedia.org\/deutsch\/2021\/05\/01\/mai-2021-gut-zu-lesen\/\" class=\"read-more\">Continue Reading<\/a><\/p>\n","protected":false},"author":3,"featured_media":0,"comment_status":"closed","ping_status":"closed","sticky":false,"template":"","format":"standard","meta":[],"categories":[6],"tags":[],"_links":{"self":[{"href":"https:\/\/www.gaiamedia.org\/deutsch\/wp-json\/wp\/v2\/posts\/2142"}],"collection":[{"href":"https:\/\/www.gaiamedia.org\/deutsch\/wp-json\/wp\/v2\/posts"}],"about":[{"href":"https:\/\/www.gaiamedia.org\/deutsch\/wp-json\/wp\/v2\/types\/post"}],"author":[{"embeddable":true,"href":"https:\/\/www.gaiamedia.org\/deutsch\/wp-json\/wp\/v2\/users\/3"}],"replies":[{"embeddable":true,"href":"https:\/\/www.gaiamedia.org\/deutsch\/wp-json\/wp\/v2\/comments?post=2142"}],"version-history":[{"count":2,"href":"https:\/\/www.gaiamedia.org\/deutsch\/wp-json\/wp\/v2\/posts\/2142\/revisions"}],"predecessor-version":[{"id":2149,"href":"https:\/\/www.gaiamedia.org\/deutsch\/wp-json\/wp\/v2\/posts\/2142\/revisions\/2149"}],"wp:attachment":[{"href":"https:\/\/www.gaiamedia.org\/deutsch\/wp-json\/wp\/v2\/media?parent=2142"}],"wp:term":[{"taxonomy":"category","embeddable":true,"href":"https:\/\/www.gaiamedia.org\/deutsch\/wp-json\/wp\/v2\/categories?post=2142"},{"taxonomy":"post_tag","embeddable":true,"href":"https:\/\/www.gaiamedia.org\/deutsch\/wp-json\/wp\/v2\/tags?post=2142"}],"curies":[{"name":"wp","href":"https:\/\/api.w.org\/{rel}","templated":true}]}}