{"id":2646,"date":"2023-02-01T11:24:16","date_gmt":"2023-02-01T10:24:16","guid":{"rendered":"https:\/\/www.gaiamedia.org\/deutsch\/?p=2646"},"modified":"2023-02-01T11:24:16","modified_gmt":"2023-02-01T10:24:16","slug":"februar-2023-gut-zu-besuchen","status":"publish","type":"post","link":"https:\/\/www.gaiamedia.org\/deutsch\/2023\/02\/01\/februar-2023-gut-zu-besuchen\/","title":{"rendered":"februar 2023 \u2013 gut zu besuchen"},"content":{"rendered":"<p><strong><span style=\"color: #39af28;\">@ Cabaret Voltaire<\/span><\/strong><br \/>\n<a href=\"mailto:susanne@gaiamedia.org?subject=The%20Psychedelic%20Salon%20Z%C3%BCrich&amp;body=Please%20send%20me%20more%20info!\" target=\"_blank\" rel=\"noreferrer nofollow noopener\">The Psychedelic Salon Z\u00fcrich<\/a><br \/>\n<strong>Susanne G. Seiler: The Love you Take is Equal to the Love You Maske. LSD in the Sixties<\/strong>.<br \/>\nAb 21 h:\u00a0<strong>Psychedelic Disco\u00a0<\/strong>mit<strong>\u00a0DJ Kalabrese<\/strong><br \/>\n<span style=\"color: #39af28;\">Z\u00fcrich<\/span>\u00a0| Spiegelgasse 1 |\u00a0<strong>9. Februar\u00a0<\/strong>| 18 &#8211; 24 h (Eintritt CHF 15)<\/p>\n<p><strong><span style=\"color: #39af28;\">@ Gaia Media Lounge<\/span><\/strong><br \/>\n<a href=\"mailto:susanne@gaiamedia.org?subject=Please%20send%20me%20more%20info!\" target=\"_blank\" rel=\"noreferrer nofollow noopener\">The Psychedelic Salon Basel<\/a><br \/>\n<strong>Valentina Manini:\u00a0Internal Family Systems \u00a0and\u00a0Ketamine\u00a0Therapy<\/strong><br \/>\n(Julia Jus ist im Ausland und erst in ein paar Monaten zur\u00fcck.)<br \/>\n<span style=\"color: #39af28;\">Basel<\/span>\u00a0| Hochstrasse 70 |<strong>16. Februar<\/strong>\u00a0| 18 &#8211; 22 h\u00a0(Eintritt CHF 15)<\/p>\n<p><strong>Bicycle Day 2023<\/strong><br \/>\nUnsere traditionelle Fahrradfahrt startet und endet in der Gaia Lounge mit einem kleinen Umtrunk. Alle mit einem Velo willkommen!<br \/>\n<span style=\"color: #39af28;\">Basel<\/span>\u00a0| Hochstrasse 70 |<strong>19. April<\/strong>\u00a0| ab 17 h<\/p>\n<p><strong><span style=\"color: #39af28;\">Andere<\/span><\/strong><br \/>\n<a href=\"https:\/\/www.claudeweill.ch\/seminare.php\" target=\"_blank\" rel=\"noreferrer nofollow noopener\">Integration psychedelischer Erfahrungen\u00a0<\/a><br \/>\nmit Claude Weill;\u00a0Veranstaltungsort bei Anmeldung<br \/>\n<span style=\"color: #39af28;\">Z\u00fcrich\u00a0<\/span>|\u00a02. und 16. Februar | 18.30 &#8211; 20 h | Beitritt jederzeit m\u00f6glich.<\/p>\n<p><a href=\"https:\/\/www.meetup.com\/Zurich-Psychonauts\/events\/290560508\/?_xtd=gatlbWFpbF9jbGlja9oAJDA2YjNiNDgxLTJmNmItNDFjMi04MDkzLWE5OTAzYjhkZmIxMA%253D%253D&amp;utm_campaign=rsvp-confirmation&amp;_af=event&amp;_af_eid=290560508&amp;utm_medium=email&amp;utm_source=join_rsvp_info\" target=\"_blank\" rel=\"noreferrer nofollow noopener\">Psychonauts Happy Hour<\/a><br \/>\nmit Mackenzie Amara &amp; Stephen Fundinger<br \/>\n<span style=\"color: #39af28;\">Z\u00fcrich\u00a0<\/span>| El Lokal | Gessnerallee 11 | 3. Februar ab 18.30 h<\/p>\n<p><a href=\"https:\/\/www.eventbrite.co.uk\/e\/psychedelischer-integrationszirkel-tickets-528552212897\" target=\"_blank\" rel=\"noreferrer nofollow noopener\">Psychedelischer Integrationszirkel<\/a><br \/>\nmit Stephan Fundinger \u2013 nur mit Anmeldung<br \/>\n<span style=\"color: #39af28;\">Z\u00fcrich\u00a0<\/span>| Obere Z\u00e4une 14 | 16. Februar | 19.00 &#8211; 20.45 h<\/p>\n<p><a href=\"https:\/\/www.bicycleday.ch\/\" target=\"_blank\" rel=\"noreferrer nofollow noopener\">LSD80<\/a><br \/>\nSymposium der Schweizer \u00c4rztegesellschaft f\u00fcr Psycholytische Therapie S\u00c4PT zum 80. Geburtstag von LSD<br \/>\nMit Peter Gasser, Ansgar Rougemont-B\u00fccking, Heike &amp; Peter Hess, Marion Neumann u.a.m<br \/>\n<span style=\"color: #39af28;\">M\u00fcnchenstein\u00a0<\/span>| Hotel Hofmatt | 14.April | ab 9.00 h (D ausverkauft, F noch Pl\u00e4tze frei)<\/p>\n<p><a href=\"https:\/\/eleusis-society.ch\/lsd80\/\" target=\"_blank\" rel=\"noreferrer nofollow noopener\">#LSD80 &#8211; DOWN TO EARTH<\/a><br \/>\nSymposium und Festival der Eleusis Gesellschaft mit Symposien, Workshops, Performances, Konzerten und Kunst. Unter den G\u00e4sten: Roger Liggenstorfer, Claudia M\u00fcller-Ebeling, Jeremy Narby, Marion Neumann, Susanne G. Seiler, Wolf-Dieter Storl<br \/>\n<span style=\"color: #39af28;\">Basel<\/span><span style=\"color: #000000;\">\u00a0| Ostquai | Samstag, 15. und Sonntag,16. April | ab 12.00 h\u00a0<\/span><\/p>\n<p><a href=\"https:\/\/www.cannatrade.ch\/de\/\" target=\"_blank\" rel=\"noreferrer nofollow noopener\">CannaTrade<\/a><br \/>\n\u00dcber 250 Aussteller aus aller Welt pr\u00e4sentieren bew\u00e4hrte Produkte, Neuheiten und Innovationen.<br \/>\n<span style=\"color: #39af28;\">Z\u00fcrich-Oerlikon<\/span><span style=\"color: #000000;\">\u00a0| Halle 622 | 12. &#8211; 14 . Mai\u00a0<\/span><\/p>\n<p><a href=\"https:\/\/www.afro-pfingsten.ch\/\" target=\"_blank\" rel=\"noreferrer nofollow noopener\">Afropfingsten Festival<\/a>\u00a0&#8211; Eine neue \u00c4ra beginnt<br \/>\nDas schwarze Musikfestilval der Schweiz<br \/>\n<span style=\"color: #39af28;\">Winterthur<strong>\u00a0<\/strong><\/span><span style=\"color: #000000;\">| Diverse Veranstaltungsorte | 24 &#8211; 29 Mai\u00a0<\/span><\/p>\n","protected":false},"excerpt":{"rendered":"<p>@ Cabaret Voltaire The Psychedelic Salon Z\u00fcrich Susanne G. Seiler: The Love you Take is Equal to the Love You Maske. LSD in the Sixties. Ab 21 h:\u00a0Psychedelic Disco\u00a0mit\u00a0DJ Kalabrese Z\u00fcrich\u00a0| Spiegelgasse 1 |\u00a09. Februar\u00a0| 18 &#8211; 24 h (Eintritt CHF 15) @ Gaia Media Lounge The Psychedelic Salon Basel Valentina Manini:\u00a0Internal Family Systems \u00a0and\u00a0Ketamine\u00a0Therapy<a href=\"https:\/\/www.gaiamedia.org\/deutsch\/2023\/02\/01\/februar-2023-gut-zu-besuchen\/\" class=\"read-more\">Continue Reading<\/a><\/p>\n","protected":false},"author":3,"featured_media":0,"comment_status":"closed","ping_status":"closed","sticky":false,"template":"","format":"standard","meta":[],"categories":[4],"tags":[],"_links":{"self":[{"href":"https:\/\/www.gaiamedia.org\/deutsch\/wp-json\/wp\/v2\/posts\/2646"}],"collection":[{"href":"https:\/\/www.gaiamedia.org\/deutsch\/wp-json\/wp\/v2\/posts"}],"about":[{"href":"https:\/\/www.gaiamedia.org\/deutsch\/wp-json\/wp\/v2\/types\/post"}],"author":[{"embeddable":true,"href":"https:\/\/www.gaiamedia.org\/deutsch\/wp-json\/wp\/v2\/users\/3"}],"replies":[{"embeddable":true,"href":"https:\/\/www.gaiamedia.org\/deutsch\/wp-json\/wp\/v2\/comments?post=2646"}],"version-history":[{"count":1,"href":"https:\/\/www.gaiamedia.org\/deutsch\/wp-json\/wp\/v2\/posts\/2646\/revisions"}],"predecessor-version":[{"id":2647,"href":"https:\/\/www.gaiamedia.org\/deutsch\/wp-json\/wp\/v2\/posts\/2646\/revisions\/2647"}],"wp:attachment":[{"href":"https:\/\/www.gaiamedia.org\/deutsch\/wp-json\/wp\/v2\/media?parent=2646"}],"wp:term":[{"taxonomy":"category","embeddable":true,"href":"https:\/\/www.gaiamedia.org\/deutsch\/wp-json\/wp\/v2\/categories?post=2646"},{"taxonomy":"post_tag","embeddable":true,"href":"https:\/\/www.gaiamedia.org\/deutsch\/wp-json\/wp\/v2\/tags?post=2646"}],"curies":[{"name":"wp","href":"https:\/\/api.w.org\/{rel}","templated":true}]}}