{"id":3165,"date":"2024-07-01T02:10:19","date_gmt":"2024-07-01T00:10:19","guid":{"rendered":"https:\/\/www.gaiamedia.org\/deutsch\/?p=3165"},"modified":"2024-07-01T02:10:19","modified_gmt":"2024-07-01T00:10:19","slug":"goodnews-juli-2024-gut-zu-lesen","status":"publish","type":"post","link":"https:\/\/www.gaiamedia.org\/deutsch\/2024\/07\/01\/goodnews-juli-2024-gut-zu-lesen\/","title":{"rendered":"goodnews juli 2024 \u2013 gut zu lesen"},"content":{"rendered":"<div id=\"pl-3165\"  class=\"panel-layout\" ><div id=\"pg-3165-0\"  class=\"panel-grid panel-no-style\" ><div id=\"pgc-3165-0-0\"  class=\"panel-grid-cell\" ><div id=\"panel-3165-0-0-0\" class=\"so-panel widget widget_media_image panel-first-child panel-last-child\" data-index=\"0\" ><img width=\"180\" height=\"300\" src=\"https:\/\/www.gaiamedia.org\/deutsch\/wp-content\/uploads\/2024\/07\/2406_Pala\u0308stina-180x300.jpg\" class=\"image wp-image-3166  attachment-medium size-medium\" alt=\"\" loading=\"lazy\" style=\"max-width: 100%; height: auto;\" srcset=\"https:\/\/www.gaiamedia.org\/deutsch\/wp-content\/uploads\/2024\/07\/2406_Pala\u0308stina-180x300.jpg 180w, https:\/\/www.gaiamedia.org\/deutsch\/wp-content\/uploads\/2024\/07\/2406_Pala\u0308stina-390x650.jpg 390w, https:\/\/www.gaiamedia.org\/deutsch\/wp-content\/uploads\/2024\/07\/2406_Pala\u0308stina.jpg 400w\" sizes=\"(max-width: 180px) 100vw, 180px\" \/><\/div><\/div><div id=\"pgc-3165-0-1\"  class=\"panel-grid-cell\" ><div id=\"panel-3165-0-1-0\" class=\"so-panel widget widget_text panel-first-child panel-last-child\" data-index=\"1\" ><h3 class=\"widget-title\">Der hundertj\u00e4rige Krieg um Palestina. Eine Geschichte von Siedlerkolonialismus und Widersand (\u00fcbersetzt von Lucien Leitess)<\/h3>\t\t\t<div class=\"textwidget\"><p><strong><span style=\"color: #808080;\">Rashed Khalidi<\/span><\/strong><\/p>\n<p>Der B\u00fcrgermeister von Jerusalem, Yusuf Diya al-Khalidi, schrieb 1899, beunruhigt \u00fcber die Forderung nach einer j\u00fcdischen Heimst\u00e4tte in Pal\u00e4stina, einen Brief an Theodor Herzl: Das Land habe eine einheimische Bev\u00f6lkerung, die ihre Vertreibung nicht akzeptieren w\u00fcrde. Er schloss mit den Worten: \u00bbIn Gottes Namen, lasst Pal\u00e4stina in Frieden.\u00ab So beginnt Rashid Khalidi, der Gro\u00df-Gro\u00dfneffe von al-Khalidi, diese Gesamtdarstellung des Konflikts aus pal\u00e4stinensischer Perspektive.<br \/>\n<strong>Unionsverlag<\/strong><\/p>\n<\/div>\n\t\t<\/div><\/div><\/div><div id=\"pg-3165-1\"  class=\"panel-grid panel-no-style\" ><div id=\"pgc-3165-1-0\"  class=\"panel-grid-cell\" ><div id=\"panel-3165-1-0-0\" class=\"so-panel widget widget_media_image panel-first-child panel-last-child\" data-index=\"2\" ><img width=\"182\" height=\"300\" src=\"https:\/\/www.gaiamedia.org\/deutsch\/wp-content\/uploads\/2024\/07\/2406_Tellerwa\u0308scher-182x300.jpg\" class=\"image wp-image-3167  attachment-medium size-medium\" alt=\"\" loading=\"lazy\" style=\"max-width: 100%; height: auto;\" srcset=\"https:\/\/www.gaiamedia.org\/deutsch\/wp-content\/uploads\/2024\/07\/2406_Tellerwa\u0308scher-182x300.jpg 182w, https:\/\/www.gaiamedia.org\/deutsch\/wp-content\/uploads\/2024\/07\/2406_Tellerwa\u0308scher-395x650.jpg 395w, https:\/\/www.gaiamedia.org\/deutsch\/wp-content\/uploads\/2024\/07\/2406_Tellerwa\u0308scher.jpg 400w\" sizes=\"(max-width: 182px) 100vw, 182px\" \/><\/div><\/div><div id=\"pgc-3165-1-1\"  class=\"panel-grid-cell\" ><div id=\"panel-3165-1-1-0\" class=\"so-panel widget widget_text panel-first-child panel-last-child\" data-index=\"3\" ><h3 class=\"widget-title\">Vom Tellerw\u00e4scher zum Tellerw\u00e4scher<\/h3>\t\t\t<div class=\"textwidget\"><p><strong>Cani-Sophia Hoeder<\/strong><\/p>\n<p>Als Ciani-Sophia Hoeder 14 Jahre alt war, ging sie mit ihrer Mutter das erste Mal zur Berliner Tafel. Sie erz\u00e4hlte niemandem davon, sch\u00e4mte sich, dass ihre Familie arm war \u2013 denn Armut ist ein Schimpfwort, ein Symbol des pers\u00f6nlichen Versagens. Dass es sich in Wahrheit um ein strukturelles Problem handelt und sozialer Aufstieg in Deutschland l\u00e4ngst nicht so leicht m\u00f6glich ist, wie gern suggeriert wird, wurde ihr erst sp\u00e4ter klar..<br \/>\n<strong>Hanser<\/strong><\/p>\n<\/div>\n\t\t<\/div><\/div><\/div><div id=\"pg-3165-2\"  class=\"panel-grid panel-no-style\" ><div id=\"pgc-3165-2-0\"  class=\"panel-grid-cell\" ><div id=\"panel-3165-2-0-0\" class=\"so-panel widget widget_media_image panel-first-child panel-last-child\" data-index=\"4\" ><img width=\"183\" height=\"300\" src=\"https:\/\/www.gaiamedia.org\/deutsch\/wp-content\/uploads\/2024\/07\/2407_Wie-wir-die_Welt_vera\u0308ndern-183x300.jpg\" class=\"image wp-image-3168  attachment-medium size-medium\" alt=\"\" loading=\"lazy\" style=\"max-width: 100%; height: auto;\" srcset=\"https:\/\/www.gaiamedia.org\/deutsch\/wp-content\/uploads\/2024\/07\/2407_Wie-wir-die_Welt_vera\u0308ndern-183x300.jpg 183w, https:\/\/www.gaiamedia.org\/deutsch\/wp-content\/uploads\/2024\/07\/2407_Wie-wir-die_Welt_vera\u0308ndern-398x650.jpg 398w, https:\/\/www.gaiamedia.org\/deutsch\/wp-content\/uploads\/2024\/07\/2407_Wie-wir-die_Welt_vera\u0308ndern.jpg 400w\" sizes=\"(max-width: 183px) 100vw, 183px\" \/><\/div><\/div><div id=\"pgc-3165-2-1\"  class=\"panel-grid-cell\" ><div id=\"panel-3165-2-1-0\" class=\"so-panel widget widget_text panel-first-child panel-last-child\" data-index=\"5\" ><h3 class=\"widget-title\">Wie wir die Welt ver\u00e4ndern<\/h3>\t\t\t<div class=\"textwidget\"><p><strong>Stefan Klein<\/strong><\/p>\n<p>Von den Innovationen der Steinzeit wie Malerei \u00fcber die Erfindung der Schrift bis hin zu den Leistungen der Computer von morgen zeigt Klein, wie der Geist immer wieder neu die Welt ver\u00e4ndert hat. Wir begegnen Neandertalern und Steve Jobs, Leonardo da Vinci und Ada Lovelace, Archimedes und AlphaZero. Dabei wird deutlich: Innovation und Fortschritt verdanken wir nicht den Einf\u00e4llen einsamer Genies &#8211; sie entwickeln sich im geistigen Austausch.<br \/>\n<strong>S. Fischer\u00a0<\/strong><\/p>\n<\/div>\n\t\t<\/div><\/div><\/div><div id=\"pg-3165-3\"  class=\"panel-grid panel-no-style\" ><div id=\"pgc-3165-3-0\"  class=\"panel-grid-cell\" ><div id=\"panel-3165-3-0-0\" class=\"so-panel widget widget_media_image panel-first-child panel-last-child\" data-index=\"6\" ><img width=\"186\" height=\"300\" src=\"https:\/\/www.gaiamedia.org\/deutsch\/wp-content\/uploads\/2024\/07\/2406_Chinesischer_Paravant-186x300.jpg\" class=\"image wp-image-3169  attachment-medium size-medium\" alt=\"\" loading=\"lazy\" style=\"max-width: 100%; height: auto;\" srcset=\"https:\/\/www.gaiamedia.org\/deutsch\/wp-content\/uploads\/2024\/07\/2406_Chinesischer_Paravant-186x300.jpg 186w, https:\/\/www.gaiamedia.org\/deutsch\/wp-content\/uploads\/2024\/07\/2406_Chinesischer_Paravant-634x1024.jpg 634w, https:\/\/www.gaiamedia.org\/deutsch\/wp-content\/uploads\/2024\/07\/2406_Chinesischer_Paravant-768x1241.jpg 768w, https:\/\/www.gaiamedia.org\/deutsch\/wp-content\/uploads\/2024\/07\/2406_Chinesischer_Paravant-402x650.jpg 402w, https:\/\/www.gaiamedia.org\/deutsch\/wp-content\/uploads\/2024\/07\/2406_Chinesischer_Paravant.jpg 928w\" sizes=\"(max-width: 186px) 100vw, 186px\" \/><\/div><\/div><div id=\"pgc-3165-3-1\"  class=\"panel-grid-cell\" ><div id=\"panel-3165-3-1-0\" class=\"so-panel widget widget_text panel-first-child panel-last-child\" data-index=\"7\" ><h3 class=\"widget-title\">Der chinesische Paravant.Wie der Kolonialismus in deutsche Wohnzimmer kam<\/h3>\t\t\t<div class=\"textwidget\"><p><strong>Nikola Kuhn<\/strong><\/p>\n<p>Paravent, Teeservice, Speere, Schild und Papagei: Nicola Kuhn stellt Artefakte vor, die viel \u00fcber die Kolonialzeit erz\u00e4hlen. Von Missionaren, Milit\u00e4rs, Siedlern oder H\u00e4ndlern als Troph\u00e4en und Erinnerungsst\u00fccke mitgebracht, verbirgt sich hinter jedem Objekt immer auch die Trag\u00f6die eines besetzen Landes und seiner Menschen. Die Fundst\u00fccke bezeugen die extreme Gewalt wie das vermeintlich friedliche Miteinander, radikale Ausbeutung, doch auch Versuche von Ann\u00e4herung. Zu Wort kommen auch die heutigen Besitzer, die einen Umgang mit diesem Erbe finden m\u00fcssen.<br \/>\n<strong>dtv<\/strong><\/p>\n<\/div>\n\t\t<\/div><\/div><\/div><div id=\"pg-3165-4\"  class=\"panel-grid panel-no-style\" ><div id=\"pgc-3165-4-0\"  class=\"panel-grid-cell\" ><div id=\"panel-3165-4-0-0\" class=\"so-panel widget widget_media_image panel-first-child panel-last-child\" data-index=\"8\" ><img width=\"197\" height=\"300\" src=\"https:\/\/www.gaiamedia.org\/deutsch\/wp-content\/uploads\/2024\/07\/2406_The-Shards-197x300.jpg\" class=\"image wp-image-3170  attachment-medium size-medium\" alt=\"\" loading=\"lazy\" style=\"max-width: 100%; height: auto;\" srcset=\"https:\/\/www.gaiamedia.org\/deutsch\/wp-content\/uploads\/2024\/07\/2406_The-Shards-197x300.jpg 197w, https:\/\/www.gaiamedia.org\/deutsch\/wp-content\/uploads\/2024\/07\/2406_The-Shards.jpg 400w\" sizes=\"(max-width: 197px) 100vw, 197px\" \/><\/div><\/div><div id=\"pgc-3165-4-1\"  class=\"panel-grid-cell\" ><div id=\"panel-3165-4-1-0\" class=\"so-panel widget widget_text panel-first-child panel-last-child\" data-index=\"9\" ><h3 class=\"widget-title\">The Shards<\/h3>\t\t\t<div class=\"textwidget\"><p><strong>Bret Easton Ellis<\/strong><\/p>\n<p>An der exklusiven Buckley Prep School taucht ein neuer Sch\u00fcler auf. Robert Mallory ist intelligent, gutaussehend und charismatisch und zieht Bret magisch an. Obwohl sich Bret sicher ist, dass Robert ein d\u00fcsteres Geheimnis hat, wird er Teil seiner Freundesgruppe. Als der Trawler, ein Serienm\u00f6rder, der Jugendliche auf bestialische Weise umbringt, immer n\u00e4her an ihn und seine Clique heranr\u00fcckt, ger\u00e4t Bret zunehmend in eine Spirale aus Paranoia und Isolation. Doch wie zuverl\u00e4ssig ist Bret als Erz\u00e4hler?<br \/>\n<strong>Kiepenheuer &amp; Witsch<\/strong><\/p>\n<\/div>\n\t\t<\/div><\/div><\/div><\/div>","protected":false},"excerpt":{"rendered":"<p>Rashed Khalidi Der B\u00fcrgermeister von Jerusalem, Yusuf Diya al-Khalidi, schrieb 1899, beunruhigt \u00fcber die Forderung nach einer j\u00fcdischen Heimst\u00e4tte in Pal\u00e4stina, einen Brief an Theodor Herzl: Das Land habe eine einheimische Bev\u00f6lkerung, die ihre Vertreibung nicht akzeptieren w\u00fcrde. Er schloss mit den Worten: \u00bbIn Gottes Namen, lasst Pal\u00e4stina in Frieden.\u00ab So beginnt Rashid Khalidi, der<a href=\"https:\/\/www.gaiamedia.org\/deutsch\/2024\/07\/01\/goodnews-juli-2024-gut-zu-lesen\/\" class=\"read-more\">Continue Reading<\/a><\/p>\n","protected":false},"author":4,"featured_media":0,"comment_status":"closed","ping_status":"closed","sticky":false,"template":"","format":"standard","meta":[],"categories":[6],"tags":[],"_links":{"self":[{"href":"https:\/\/www.gaiamedia.org\/deutsch\/wp-json\/wp\/v2\/posts\/3165"}],"collection":[{"href":"https:\/\/www.gaiamedia.org\/deutsch\/wp-json\/wp\/v2\/posts"}],"about":[{"href":"https:\/\/www.gaiamedia.org\/deutsch\/wp-json\/wp\/v2\/types\/post"}],"author":[{"embeddable":true,"href":"https:\/\/www.gaiamedia.org\/deutsch\/wp-json\/wp\/v2\/users\/4"}],"replies":[{"embeddable":true,"href":"https:\/\/www.gaiamedia.org\/deutsch\/wp-json\/wp\/v2\/comments?post=3165"}],"version-history":[{"count":4,"href":"https:\/\/www.gaiamedia.org\/deutsch\/wp-json\/wp\/v2\/posts\/3165\/revisions"}],"predecessor-version":[{"id":3174,"href":"https:\/\/www.gaiamedia.org\/deutsch\/wp-json\/wp\/v2\/posts\/3165\/revisions\/3174"}],"wp:attachment":[{"href":"https:\/\/www.gaiamedia.org\/deutsch\/wp-json\/wp\/v2\/media?parent=3165"}],"wp:term":[{"taxonomy":"category","embeddable":true,"href":"https:\/\/www.gaiamedia.org\/deutsch\/wp-json\/wp\/v2\/categories?post=3165"},{"taxonomy":"post_tag","embeddable":true,"href":"https:\/\/www.gaiamedia.org\/deutsch\/wp-json\/wp\/v2\/tags?post=3165"}],"curies":[{"name":"wp","href":"https:\/\/api.w.org\/{rel}","templated":true}]}}