{"id":642,"date":"2018-01-05T00:18:11","date_gmt":"2018-01-04T23:18:11","guid":{"rendered":"http:\/\/2018.gaiamedia.org\/deutsch\/?p=642"},"modified":"2018-02-16T00:19:54","modified_gmt":"2018-02-15T23:19:54","slug":"januar-2018-gut-zu-lesen","status":"publish","type":"post","link":"https:\/\/www.gaiamedia.org\/deutsch\/2018\/01\/05\/januar-2018-gut-zu-lesen\/","title":{"rendered":"januar 2018 \u2013 gut zu lesen"},"content":{"rendered":"<div id=\"pl-642\"  class=\"panel-layout\" ><div id=\"pg-642-0\"  class=\"panel-grid panel-no-style\" ><div id=\"pgc-642-0-0\"  class=\"panel-grid-cell\" ><div id=\"panel-642-0-0-0\" class=\"so-panel widget widget_media_image panel-first-child panel-last-child\" data-index=\"0\" ><img width=\"600\" height=\"918\" src=\"https:\/\/www.gaiamedia.org\/deutsch\/wp-content\/uploads\/2018\/02\/Die_Anfaenge_von_allem_Kaube.jpg\" class=\"image wp-image-627  attachment-full size-full\" alt=\"\" loading=\"lazy\" style=\"max-width: 100%; height: auto;\" srcset=\"https:\/\/www.gaiamedia.org\/deutsch\/wp-content\/uploads\/2018\/02\/Die_Anfaenge_von_allem_Kaube.jpg 600w, https:\/\/www.gaiamedia.org\/deutsch\/wp-content\/uploads\/2018\/02\/Die_Anfaenge_von_allem_Kaube-196x300.jpg 196w, https:\/\/www.gaiamedia.org\/deutsch\/wp-content\/uploads\/2018\/02\/Die_Anfaenge_von_allem_Kaube-425x650.jpg 425w\" sizes=\"(max-width: 600px) 100vw, 600px\" \/><\/div><\/div><div id=\"pgc-642-0-1\"  class=\"panel-grid-cell\" ><div id=\"panel-642-0-1-0\" class=\"so-panel widget widget_text panel-first-child panel-last-child\" data-index=\"1\" ><h3 class=\"widget-title\">Die Anf\u00e4nge von allem<\/h3>\t\t\t<div class=\"textwidget\"><p><strong>J\u00fcrgen Kaube<\/strong><br \/>\nSeit wann gehen Menschen aufrecht und wie lernten wir sprechen? Wann kamen Religion, Recht, Handel oder St\u00e4dtebau in die Welt? Seit wann begraben die Menschen ihre Toten und warum leben die meisten Kulturen monogam? Da ist etwa das R\u00e4tsel Sprache; ging sie wohlm\u00f6glich aus dem Schmatzen hervor, als Nebeneffekt der Nahrungsaufnahme? J\u00fcrgen Kaube, Herausgeber der FAZ und ein renommierter Wissenschaftsautor hat spannende Antworten auf diese und andere grunds\u00e4tzliche Fragen und f\u00fchrt uns zur\u00fcck zu den Anf\u00e4ngen der Menschheit.<br \/>\n<em>Rowohlt, August 2017<\/em><\/p>\n<\/div>\n\t\t<\/div><\/div><\/div><div id=\"pg-642-1\"  class=\"panel-grid panel-no-style\" ><div id=\"pgc-642-1-0\"  class=\"panel-grid-cell\" ><div id=\"panel-642-1-0-0\" class=\"so-panel widget widget_media_image panel-first-child panel-last-child\" data-index=\"2\" ><img width=\"600\" height=\"956\" src=\"https:\/\/www.gaiamedia.org\/deutsch\/wp-content\/uploads\/2018\/02\/Das_geheime_Netzwerk-der_Natur.jpg\" class=\"image wp-image-626  attachment-full size-full\" alt=\"\" loading=\"lazy\" style=\"max-width: 100%; height: auto;\" srcset=\"https:\/\/www.gaiamedia.org\/deutsch\/wp-content\/uploads\/2018\/02\/Das_geheime_Netzwerk-der_Natur.jpg 600w, https:\/\/www.gaiamedia.org\/deutsch\/wp-content\/uploads\/2018\/02\/Das_geheime_Netzwerk-der_Natur-188x300.jpg 188w, https:\/\/www.gaiamedia.org\/deutsch\/wp-content\/uploads\/2018\/02\/Das_geheime_Netzwerk-der_Natur-408x650.jpg 408w\" sizes=\"(max-width: 600px) 100vw, 600px\" \/><\/div><\/div><div id=\"pgc-642-1-1\"  class=\"panel-grid-cell\" ><div id=\"panel-642-1-1-0\" class=\"so-panel widget widget_text panel-first-child panel-last-child\" data-index=\"3\" ><h3 class=\"widget-title\">Das geheime Netzwerk der Natur \u2013 Wie B\u00e4ume Wolken machen und Regenw\u00fcrmer Wildschweine steuern<\/h3>\t\t\t<div class=\"textwidget\"><p><strong>Peter Wohlleben<\/strong><br \/>\nNachdem Peter Wohlleben die B\u00e4ume zu unseren Freunden erkl\u00e4rt hat, vernetzt er uns in seinem neuen Buch mit der Natur. Muttter Erde lebt nicht nur, sondern sie steckt voller \u00dcberraschungen: Laubb\u00e4ume beeinflussen die Erdrotation, Kraniche sabotieren die spanische Schinkenproduktion und Nadelw\u00e4lder k\u00f6nnen Regen machen. Was steckt dahinter? Der passionierte deutsche F\u00f6rster und Bestsellerautor f\u00fchrt uns in eine kaum ergr\u00fcndete Welt und beschreibt das faszinierende Zusammenspiel zwischen B\u00e4umen, Pflanzen und Tieren.<br \/>\n<em>Ludwig, September 2017<\/em><\/p>\n<\/div>\n\t\t<\/div><\/div><\/div><div id=\"pg-642-2\"  class=\"panel-grid panel-no-style\" ><div id=\"pgc-642-2-0\"  class=\"panel-grid-cell\" ><div id=\"panel-642-2-0-0\" class=\"so-panel widget widget_media_image panel-first-child panel-last-child\" data-index=\"4\" ><img width=\"600\" height=\"958\" src=\"https:\/\/www.gaiamedia.org\/deutsch\/wp-content\/uploads\/2018\/02\/Die_Grosse_Verblendung-Gosh.jpg\" class=\"image wp-image-629  attachment-full size-full\" alt=\"\" loading=\"lazy\" style=\"max-width: 100%; height: auto;\" srcset=\"https:\/\/www.gaiamedia.org\/deutsch\/wp-content\/uploads\/2018\/02\/Die_Grosse_Verblendung-Gosh.jpg 600w, https:\/\/www.gaiamedia.org\/deutsch\/wp-content\/uploads\/2018\/02\/Die_Grosse_Verblendung-Gosh-188x300.jpg 188w, https:\/\/www.gaiamedia.org\/deutsch\/wp-content\/uploads\/2018\/02\/Die_Grosse_Verblendung-Gosh-407x650.jpg 407w\" sizes=\"(max-width: 600px) 100vw, 600px\" \/><\/div><\/div><div id=\"pgc-642-2-1\"  class=\"panel-grid-cell\" ><div id=\"panel-642-2-1-0\" class=\"so-panel widget widget_text panel-first-child panel-last-child\" data-index=\"5\" ><h3 class=\"widget-title\">Die grosse Verblendung \u2013 Der Klimawandel als das Undenkbare<\/h3>\t\t\t<div class=\"textwidget\"><p><strong>Amitav Ghosh<\/strong><br \/>\nTsunamis, \u00dcberschwemmungen, untergehende Landstriche: Die Zeichen des Klimawandels sind un\u00fcbersehbar. Doch warum werden sie von K\u00fcnstlern, Literaten und Politikern ignoriert? Amitav Ghosh findet in Die grosse Verblendung die Gr\u00fcnde daf\u00fcr in unserer Art des Denkens. Davon jedenfalls ist der indische Schriftsteller \u00fcberzeugt. Normalerweise sollten Romane die Wirklichkeit widerspiegeln. Doch Zyklone oder Tsunamis gelten als unrealistische Ereignisse. Bedrohliche, unheimliche Begebenheiten wie Orkane werden in der Literatur auf Nebenschaupl\u00e4tze wie Science Fiction oder Fantasy verschoben.<br \/>\n<em>Bessing, Oktober 2017<\/em><\/p>\n<\/div>\n\t\t<\/div><\/div><\/div><div id=\"pg-642-3\"  class=\"panel-grid panel-no-style\" ><div id=\"pgc-642-3-0\"  class=\"panel-grid-cell\" ><div id=\"panel-642-3-0-0\" class=\"so-panel widget widget_media_image panel-first-child panel-last-child\" data-index=\"6\" ><img width=\"600\" height=\"956\" src=\"https:\/\/www.gaiamedia.org\/deutsch\/wp-content\/uploads\/2018\/02\/Die_Chroniken_von_Azuhr.jpg\" class=\"image wp-image-628  attachment-full size-full\" alt=\"\" loading=\"lazy\" style=\"max-width: 100%; height: auto;\" srcset=\"https:\/\/www.gaiamedia.org\/deutsch\/wp-content\/uploads\/2018\/02\/Die_Chroniken_von_Azuhr.jpg 600w, https:\/\/www.gaiamedia.org\/deutsch\/wp-content\/uploads\/2018\/02\/Die_Chroniken_von_Azuhr-188x300.jpg 188w, https:\/\/www.gaiamedia.org\/deutsch\/wp-content\/uploads\/2018\/02\/Die_Chroniken_von_Azuhr-408x650.jpg 408w\" sizes=\"(max-width: 600px) 100vw, 600px\" \/><\/div><\/div><div id=\"pgc-642-3-1\"  class=\"panel-grid-cell\" ><div id=\"panel-642-3-1-0\" class=\"so-panel widget widget_text panel-first-child panel-last-child\" data-index=\"7\" ><h3 class=\"widget-title\">Die Chroniken von Azuhr \u2013 Der Verfluchte<\/h3>\t\t\t<div class=\"textwidget\"><p><strong>Bernhard Hennen<\/strong><br \/>\nDer junge Milan Tormeno ist dazu ausersehen, seinem Vater Nandus in das Amt des Erzpriesters zu folgen: Er soll einer jener m\u00e4chtigen Auserw\u00e4hlten werden, die die Geschicke von Azuhr lenken. Mit eiserner Hand bereitet sein Vater ihn darauf vor, doch Milan rebelliert und flieht aus der Stadt. Azuhr gleicht in fast allen Aspekten unserer irdischen Welt im sp\u00e4ten Mittelalter. Fast tausend Jahre zuvor gab es ein magisches Zeitalter, das damals jegliche bestehende Ordnung zerst\u00f6rte. Auf der Insel Cilia sowie im Imperium geh\u00f6rt der kleine Orden der Erzpriester zu den wenigen Bewahrern von Wissensfragmenten \u00fcber diese l\u00e4ngst vergangene Katastrophe.<br \/>\n<em>Fischer, Dezember 2017<\/em><\/p>\n<\/div>\n\t\t<\/div><\/div><\/div><div id=\"pg-642-4\"  class=\"panel-grid panel-no-style\" ><div id=\"pgc-642-4-0\"  class=\"panel-grid-cell\" ><div id=\"panel-642-4-0-0\" class=\"so-panel widget widget_media_image panel-first-child panel-last-child\" data-index=\"8\" ><img width=\"600\" height=\"980\" src=\"https:\/\/www.gaiamedia.org\/deutsch\/wp-content\/uploads\/2018\/02\/Dr-Wassers_Rezept.jpg\" class=\"image wp-image-630  attachment-full size-full\" alt=\"\" loading=\"lazy\" style=\"max-width: 100%; height: auto;\" srcset=\"https:\/\/www.gaiamedia.org\/deutsch\/wp-content\/uploads\/2018\/02\/Dr-Wassers_Rezept.jpg 600w, https:\/\/www.gaiamedia.org\/deutsch\/wp-content\/uploads\/2018\/02\/Dr-Wassers_Rezept-184x300.jpg 184w, https:\/\/www.gaiamedia.org\/deutsch\/wp-content\/uploads\/2018\/02\/Dr-Wassers_Rezept-398x650.jpg 398w\" sizes=\"(max-width: 600px) 100vw, 600px\" \/><\/div><\/div><div id=\"pgc-642-4-1\"  class=\"panel-grid-cell\" ><div id=\"panel-642-4-1-0\" class=\"so-panel widget widget_text panel-first-child panel-last-child\" data-index=\"9\" ><h3 class=\"widget-title\">Dr. Wassers Rezept<\/h3>\t\t\t<div class=\"textwidget\"><p><strong>Lars Gustafsson<\/strong><br \/>\nWer ist Doktor Wasser? Einfach nur ein Gl\u00fcckspilz? Oder doch vielleicht ein Hochstapler und Betr\u00fcger? Gerade achtzig geworden, vertreibt sich Dr. Kurth Wasser seinen Lebensabend mit Preisausschreiben. Und gewinnt immerzu. Doch hat er auch in seinem Leben gewonnen? Eine Frage, die ihn in seine Vergangenheit zur\u00fcckf\u00fchrt \u2013 und zu einem Menschen, der sich immer wieder neu erfindet: \u00a0Sei es als Provinzhandwerker, Fensterputzer, DDR-Fl\u00fcchtling oder approbierter Arzt, ein so begabter Schlafforscher wie Schweren\u00f6ter. Bis zur\u00fcck an den Tag, an dem einem jungen Kent Andersson aus Schweden die Ausweispapiere eines Toten in die H\u00e4nde fielen. Lars Gustavson ist ein bedeutender schwedischer Autor.<br \/>\n<em>Fischer, Januar 2017<\/em><\/p>\n<\/div>\n\t\t<\/div><\/div><\/div><\/div>","protected":false},"excerpt":{"rendered":"<p>J\u00fcrgen Kaube Seit wann gehen Menschen aufrecht und wie lernten wir sprechen? Wann kamen Religion, Recht, Handel oder St\u00e4dtebau in die Welt? Seit wann begraben die Menschen ihre Toten und warum leben die meisten Kulturen monogam? Da ist etwa das R\u00e4tsel Sprache; ging sie wohlm\u00f6glich aus dem Schmatzen hervor, als Nebeneffekt der Nahrungsaufnahme? J\u00fcrgen Kaube,<a href=\"https:\/\/www.gaiamedia.org\/deutsch\/2018\/01\/05\/januar-2018-gut-zu-lesen\/\" class=\"read-more\">Continue Reading<\/a><\/p>\n","protected":false},"author":1,"featured_media":0,"comment_status":"closed","ping_status":"closed","sticky":false,"template":"","format":"standard","meta":[],"categories":[6],"tags":[],"_links":{"self":[{"href":"https:\/\/www.gaiamedia.org\/deutsch\/wp-json\/wp\/v2\/posts\/642"}],"collection":[{"href":"https:\/\/www.gaiamedia.org\/deutsch\/wp-json\/wp\/v2\/posts"}],"about":[{"href":"https:\/\/www.gaiamedia.org\/deutsch\/wp-json\/wp\/v2\/types\/post"}],"author":[{"embeddable":true,"href":"https:\/\/www.gaiamedia.org\/deutsch\/wp-json\/wp\/v2\/users\/1"}],"replies":[{"embeddable":true,"href":"https:\/\/www.gaiamedia.org\/deutsch\/wp-json\/wp\/v2\/comments?post=642"}],"version-history":[{"count":3,"href":"https:\/\/www.gaiamedia.org\/deutsch\/wp-json\/wp\/v2\/posts\/642\/revisions"}],"predecessor-version":[{"id":645,"href":"https:\/\/www.gaiamedia.org\/deutsch\/wp-json\/wp\/v2\/posts\/642\/revisions\/645"}],"wp:attachment":[{"href":"https:\/\/www.gaiamedia.org\/deutsch\/wp-json\/wp\/v2\/media?parent=642"}],"wp:term":[{"taxonomy":"category","embeddable":true,"href":"https:\/\/www.gaiamedia.org\/deutsch\/wp-json\/wp\/v2\/categories?post=642"},{"taxonomy":"post_tag","embeddable":true,"href":"https:\/\/www.gaiamedia.org\/deutsch\/wp-json\/wp\/v2\/tags?post=642"}],"curies":[{"name":"wp","href":"https:\/\/api.w.org\/{rel}","templated":true}]}}